{"id":99,"date":"2026-09-02T20:39:54","date_gmt":"2026-09-02T23:39:54","guid":{"rendered":"https:\/\/enfoquedigital.com.ar\/wp\/?p=99"},"modified":"2026-09-02T20:39:55","modified_gmt":"2026-09-02T23:39:55","slug":"curuzu-cuatia-rechazaron-una-probation-y-garantizaron-el-derecho-de-un-adolescente-a-llegar-a-juicio","status":"publish","type":"post","link":"https:\/\/enfoquedigital.com.ar\/wp\/?p=99","title":{"rendered":"CURUZ\u00da CUATI\u00c1 &#8211; RECHAZARON UNA PROBATION Y GARANTIZARON EL DERECHO DE UN ADOLESCENTE A LLEGAR A JUICIO"},"content":{"rendered":"\n<p class=\"wp-block-paragraph\">La doctora Mar\u00eda Susana Galeano, jueza subrogante de Curuz\u00fa Cuati\u00e1, rechaz\u00f3 el pedido de suspensi\u00f3n del juicio a prueba formulado por la defensa de dos imputados en una causa en la que una de las v\u00edctimas era adolescente al momento de los hechos.<\/p>\n\n\n\n<p class=\"wp-block-paragraph\">La magistrada sostuvo que debe garantizarse el derecho de las v\u00edctimas a la tutela judicial efectiva y consider\u00f3 especialmente la protecci\u00f3n integral y el inter\u00e9s superior del ni\u00f1o. La causa deber\u00e1 continuar seg\u00fan su estado.<\/p>\n\n\n\n<p class=\"wp-block-paragraph\">La doctora Galeano fundament\u00f3 que la suspensi\u00f3n del juicio a prueba no constituye un beneficio de concesi\u00f3n autom\u00e1tica y que, para resolver, deben analizarse las caracter\u00edsticas particulares del hecho, la posici\u00f3n de las v\u00edctimas y el inter\u00e9s p\u00fablico comprometido. Destac\u00f3 especialmente que el adolescente manifest\u00f3 en reiteradas oportunidades su voluntad de que se realice el juicio y que se encuentra reconocido como sujeto de derechos y persona en situaci\u00f3n de vulnerabilidad.<\/p>\n\n\n\n<!--more-->\n\n\n\n<p class=\"wp-block-paragraph\">\u201cEste adolescente s\u00f3lo pretende que se cumpla con los mandatos convencionales, constitucionales y legales. Ni siquiera est\u00e1 pidiendo una condena. S\u00f3lo est\u00e1 reclamando algo l\u00f3gico y desde todo punto de vista, leg\u00edtimo\u201d, sostuvo la magistrada.<\/p>\n\n\n\n<p class=\"wp-block-paragraph\">La decisi\u00f3n fue adoptada mediante la Resoluci\u00f3n N\u00b0 579, de fecha 24 de agosto de 2026, en el marco del Legajo Judicial N\u00b0 12425\/24 (LIF 89606\/24 \u2013 UFRAC). Tras escuchar las posiciones de las partes en una audiencia convocada para tratar la solicitud de suspensi\u00f3n del juicio a prueba, la magistrada resolvi\u00f3 no hacer lugar al planteo de la defensa.<\/p>\n\n\n\n<p class=\"wp-block-paragraph\">LOS HECHOS INVESTIGADOS<\/p>\n\n\n\n<p class=\"wp-block-paragraph\">Seg\u00fan surge de la acusaci\u00f3n reproducida en la resoluci\u00f3n, los hechos habr\u00edan ocurrido durante la madrugada del 31 de agosto de 2024 en Curuz\u00fa Cuati\u00e1.<\/p>\n\n\n\n<p class=\"wp-block-paragraph\">La investigaci\u00f3n sostiene que un adolescente de 15 a\u00f1o se encontraba esperando un rem\u00eds junto a otros menores en el predio de la Sociedad Rural cuando habr\u00eda sido abordado y posteriormente agredido f\u00edsicamente.<\/p>\n\n\n\n<p class=\"wp-block-paragraph\">De acuerdo con la imputaci\u00f3n, la agresi\u00f3n habr\u00eda estado vinculada con un conflicto que involucraba al padre del adolescente. Como consecuencia del episodio, el joven habr\u00eda sufrido lesiones leves, adem\u00e1s de una afectaci\u00f3n a su integridad ps\u00edquica y dignidad personal.<\/p>\n\n\n\n<p class=\"wp-block-paragraph\">Posteriormente, siempre de acuerdo con la acusaci\u00f3n y sin que ello implique adelantar opini\u00f3n sobre la responsabilidad penal de los imputados, los involucrados se habr\u00edan dirigido hasta el domicilio del padre del adolescente, donde habr\u00edan ingresado sin autorizaci\u00f3n, provocado da\u00f1os y mantenido otro episodio de violencia.<\/p>\n\n\n\n<p class=\"wp-block-paragraph\">EL DERECHO A LA TUTELA JUDICIAL EFECTIVA<\/p>\n\n\n\n<p class=\"wp-block-paragraph\">Uno de los ejes centrales de la resoluci\u00f3n fue el derecho de las v\u00edctimas a acceder a la Justicia y obtener una respuesta sobre los hechos denunciados.<\/p>\n\n\n\n<p class=\"wp-block-paragraph\">La jueza se\u00f1al\u00f3 que la tutela judicial efectiva comprende la posibilidad de acceder a los tribunales, impulsar un proceso y obtener una resoluci\u00f3n fundada sobre la cuesti\u00f3n planteada. Para ello cit\u00f3 la Constituci\u00f3n Nacional, la Convenci\u00f3n Americana sobre Derechos Humanos, jurisprudencia de la Corte Suprema de Justicia de la Naci\u00f3n y disposiciones del C\u00f3digo Procesal Penal de Corrientes.<\/p>\n\n\n\n<p class=\"wp-block-paragraph\">Tambi\u00e9n destac\u00f3 que, en el actual sistema procesal, la participaci\u00f3n de la v\u00edctima no se limita a la eventual reparaci\u00f3n econ\u00f3mica del da\u00f1o, sino que comprende cuestiones vinculadas con la persistencia y resoluci\u00f3n del conflicto y con su derecho de acceso a la jurisdicci\u00f3n.<\/p>\n\n\n\n<p class=\"wp-block-paragraph\">LA PROTECCI\u00d3N ESPECIAL DEL ADOLESCENTE<\/p>\n\n\n\n<p class=\"wp-block-paragraph\">La resoluci\u00f3n dedica un apartado particular a la condici\u00f3n de adolescente de una de las v\u00edctimas. La magistrada record\u00f3 los est\u00e1ndares establecidos por la Convenci\u00f3n sobre los Derechos del Ni\u00f1o y la Ley N\u00b0 26.061 de Protecci\u00f3n Integral de los Derechos de las Ni\u00f1as, Ni\u00f1os y Adolescentes, adem\u00e1s de jurisprudencia del Superior Tribunal de Justicia de Corrientes.<\/p>\n\n\n\n<p class=\"wp-block-paragraph\">En esa l\u00ednea, remarc\u00f3 que la tutela de los intereses de ni\u00f1os, ni\u00f1as y adolescentes debe constituir una consideraci\u00f3n primordial y que el Estado tiene la obligaci\u00f3n de garantizar su integridad f\u00edsica, ps\u00edquica y moral.<\/p>\n\n\n\n<p class=\"wp-block-paragraph\">Asimismo, se\u00f1al\u00f3 que el C\u00f3digo Procesal Penal provincial considera a las v\u00edctimas menores de edad como personas en situaci\u00f3n de vulnerabilidad y dispone que deben recibir atenci\u00f3n especializada.<\/p>\n\n\n\n<p class=\"wp-block-paragraph\">\u201cLa tutela de los intereses del ni\u00f1o debe prevalecer como factor primordial, de modo que ante un conflicto, su inter\u00e9s moral y material debe tener una relevante prioridad sobre cualquier otra ponderaci\u00f3n\u201d, expres\u00f3 la jueza en su resoluci\u00f3n.<\/p>\n\n\n\n<p class=\"wp-block-paragraph\">LA OPOSICI\u00d3N DE LAS V\u00cdCTIMAS<\/p>\n\n\n\n<p class=\"wp-block-paragraph\">Otro de los fundamentos determinantes fue que las v\u00edctimas se encuentran constituidas como parte querellante y manifestaron de manera firme su oposici\u00f3n a la aplicaci\u00f3n de la suspensi\u00f3n del juicio a prueba.<\/p>\n\n\n\n<p class=\"wp-block-paragraph\">La magistrada explic\u00f3 que el sistema procesal reconoce a la querella la posibilidad de continuar con el ejercicio de la acci\u00f3n y sostuvo que ese derecho integra la tutela judicial efectiva de las v\u00edctimas. En consecuencia, consider\u00f3 que en las circunstancias particulares de esta causa no pod\u00eda prosperar la pretensi\u00f3n de la defensa.<\/p>\n\n\n\n<p class=\"wp-block-paragraph\">\u201cEn esta causa las v\u00edctimas ya est\u00e1n constituidas en parte querellantes y se manifiestan firmemente contrarias a la aplicaci\u00f3n del criterio de oportunidad\u201d, sostuvo.<\/p>\n\n\n\n<p class=\"wp-block-paragraph\">En relaci\u00f3n espec\u00edficamente con el adolescente, indic\u00f3 que se encuentra representado por su representante necesario, con intervenci\u00f3n de apoderado para querellar, y por la Asesora de Menores. La resoluci\u00f3n destac\u00f3 que ambas posiciones fueron precisas en su oposici\u00f3n al instituto y que contemplaron los deseos y la protecci\u00f3n de los intereses del joven.<\/p>\n\n\n\n<p class=\"wp-block-paragraph\">LA PROBATION NO DEBE CONVERTIRSE EN UN MECANISMO AUTOM\u00c1TICO PARA EVITAR EL JUICIO<\/p>\n\n\n\n<p class=\"wp-block-paragraph\">La jueza record\u00f3 adem\u00e1s jurisprudencia del Superior Tribunal de Justicia seg\u00fan la cual la suspensi\u00f3n del juicio a prueba no debe concederse autom\u00e1ticamente, sino luego de evaluar razonablemente el delito investigado y las circunstancias particulares de la causa.<\/p>\n\n\n\n<p class=\"wp-block-paragraph\">Tambi\u00e9n analiz\u00f3 las reglas de conducta propuestas por la defensa y consider\u00f3 que no implicaban un esfuerzo significativo. En ese punto cit\u00f3 precedentes del STJ que advierten que el instituto no debe transformarse en \u201cun mero atajo para evitar el juicio\u201d y que las reglas impuestas deben tener entidad suficiente para cumplir con su finalidad.<\/p>\n\n\n\n<p class=\"wp-block-paragraph\">LA CAUSA DEBER\u00c1 CONTINUAR<\/p>\n\n\n\n<p class=\"wp-block-paragraph\">Finalmente, la doctora Galeano resolvi\u00f3 no hacer lugar a la solicitud de suspensi\u00f3n del juicio a prueba formulada por la defensa y dispuso que la causa contin\u00fae seg\u00fan su estado.<\/p>\n\n\n\n<p class=\"wp-block-paragraph\">Tambi\u00e9n tuvo por interpuesta la impugnaci\u00f3n contra la decisi\u00f3n, admiti\u00f3 su tr\u00e1mite y orden\u00f3 dar intervenci\u00f3n a la Oficina Judicial para continuar con el procedimiento correspondiente.<\/p>\n\n\n\n<p class=\"wp-block-paragraph\">La decisi\u00f3n no implica un pronunciamiento sobre la culpabilidad de los imputados, cuesti\u00f3n que deber\u00e1 determinarse conforme avance el proceso y con respeto de las garant\u00edas del debido proceso.<\/p>\n\n\n\n<p class=\"wp-block-paragraph\"><a href=\"https:\/\/l.facebook.com\/l.php?u=http%3A%2F%2FJUSCORRIENTES.GOV.AR%2F%3Ffbclid%3DIwcGRvZgFleHRuA2FlbQIxMABicmlkETFNRGJkTWpwNUk1YnZjNWk4c3J0YwZhcHBfaWQQMjIyMDM5MTc4ODIwMDg5MgABHuU02lILpbWIOPGRS4UexjIbF45iEkHO778zsTv9X4t66skOKp3P9tKsyu0V_aem_usX4I7-r7v9NZTixK83mQw&amp;h=AUAdd4gcNMwXWNbZG8e0TiKYjp5RSyYt5_0pZH_SlGhVmmY2OOO1kgOSk__NhLcftRmZs27uUdt1f9-2gzIFin5KWqR_akJmXOso6wpP5hBns9KUO37FPF57tGyE3q_ikGHDQR8IDFp6jQy6&amp;__tn__=-UK-R&amp;c%5b0%5d=AUDVmxZhN2VQ_L6CasffhA7-_Yer9a3tD09nwk_M4xhZvKkAt-R58wSF3KUOSjMcj883xT10abs9YLIpMNIIy82S7Bm_p2ESfB4y3pwsQRZoJPefhjDZot6fTuf0_rdmXmiJ0SBYEZeiRE_Ha-bw8bihtsm_mQ-aIkXa21ps32V_DOp8KmhY1tRX_H-uKWphGzqjUTNUeaO-sikYIL8vCg7_mQ\" target=\"_blank\" rel=\"noopener\"><strong>JUSCORRIENTES.GOV.AR<\/strong><\/a> (imagen ilustrativa)<\/p>\n","protected":false},"excerpt":{"rendered":"<p>La doctora Mar\u00eda Susana Galeano, jueza subrogante de Curuz\u00fa Cuati\u00e1, rechaz\u00f3 el pedido de suspensi\u00f3n del juicio a prueba formulado por la defensa de dos imputados en una causa en la que una de las v\u00edctimas era adolescente al momento de los hechos. La magistrada sostuvo que debe garantizarse el derecho de las v\u00edctimas a [&hellip;]<\/p>\n","protected":false},"author":1,"featured_media":100,"comment_status":"open","ping_status":"open","sticky":false,"template":"","format":"standard","meta":{"footnotes":""},"categories":[5],"tags":[],"class_list":["post-99","post","type-post","status-publish","format-standard","has-post-thumbnail","hentry","category-provinciales"],"yoast_head":"<!-- This site is optimized with the Yoast SEO plugin v28.4 - https:\/\/yoast.com\/product\/yoast-seo-wordpress\/ -->\n<title>CURUZ\u00da CUATI\u00c1 - RECHAZARON UNA PROBATION Y GARANTIZARON EL DERECHO DE UN ADOLESCENTE A LLEGAR A JUICIO - EnfoqueDigital<\/title>\n<meta name=\"robots\" content=\"index, follow, max-snippet:-1, max-image-preview:large, max-video-preview:-1\" \/>\n<link rel=\"canonical\" href=\"https:\/\/enfoquedigital.com.ar\/wp\/?p=99\" \/>\n<meta property=\"og:locale\" content=\"es_ES\" \/>\n<meta property=\"og:type\" content=\"article\" \/>\n<meta property=\"og:title\" content=\"CURUZ\u00da CUATI\u00c1 - RECHAZARON UNA PROBATION Y GARANTIZARON EL DERECHO DE UN ADOLESCENTE A LLEGAR A JUICIO - EnfoqueDigital\" \/>\n<meta property=\"og:description\" content=\"La doctora Mar\u00eda Susana Galeano, jueza subrogante de Curuz\u00fa Cuati\u00e1, rechaz\u00f3 el pedido de suspensi\u00f3n del juicio a prueba formulado por la defensa de dos imputados en una causa en la que una de las v\u00edctimas era adolescente al momento de los hechos. La magistrada sostuvo que debe garantizarse el derecho de las v\u00edctimas a [&hellip;]\" \/>\n<meta property=\"og:url\" content=\"https:\/\/enfoquedigital.com.ar\/wp\/?p=99\" \/>\n<meta property=\"og:site_name\" content=\"EnfoqueDigital\" \/>\n<meta property=\"article:published_time\" content=\"2026-09-02T23:39:54+00:00\" \/>\n<meta property=\"article:modified_time\" content=\"2026-09-02T23:39:55+00:00\" \/>\n<meta property=\"og:image\" content=\"https:\/\/enfoquedigital.com.ar\/wp\/wp-content\/uploads\/2026\/09\/7.jpg\" \/>\n\t<meta property=\"og:image:width\" content=\"843\" \/>\n\t<meta property=\"og:image:height\" content=\"531\" \/>\n\t<meta property=\"og:image:type\" content=\"image\/jpeg\" \/>\n<meta name=\"author\" content=\"admin\" \/>\n<meta name=\"twitter:card\" content=\"summary_large_image\" \/>\n<meta name=\"twitter:label1\" content=\"Escrito por\" \/>\n\t<meta name=\"twitter:data1\" content=\"admin\" \/>\n\t<meta name=\"twitter:label2\" content=\"Tiempo de lectura\" \/>\n\t<meta name=\"twitter:data2\" content=\"6 minutos\" \/>\n<script type=\"application\/ld+json\" class=\"yoast-schema-graph\">{\"@context\":\"https:\\\/\\\/schema.org\",\"@graph\":[{\"@type\":\"Article\",\"@id\":\"https:\\\/\\\/enfoquedigital.com.ar\\\/wp\\\/?p=99#article\",\"isPartOf\":{\"@id\":\"https:\\\/\\\/enfoquedigital.com.ar\\\/wp\\\/?p=99\"},\"author\":{\"name\":\"admin\",\"@id\":\"https:\\\/\\\/enfoquedigital.com.ar\\\/wp\\\/#\\\/schema\\\/person\\\/ed42bba879df991ed7ac0e1c77c55042\"},\"headline\":\"CURUZ\u00da CUATI\u00c1 &#8211; RECHAZARON UNA PROBATION Y GARANTIZARON EL DERECHO DE UN ADOLESCENTE A LLEGAR A JUICIO\",\"datePublished\":\"2026-09-02T23:39:54+00:00\",\"dateModified\":\"2026-09-02T23:39:55+00:00\",\"mainEntityOfPage\":{\"@id\":\"https:\\\/\\\/enfoquedigital.com.ar\\\/wp\\\/?p=99\"},\"wordCount\":1190,\"commentCount\":0,\"publisher\":{\"@id\":\"https:\\\/\\\/enfoquedigital.com.ar\\\/wp\\\/#organization\"},\"image\":{\"@id\":\"https:\\\/\\\/enfoquedigital.com.ar\\\/wp\\\/?p=99#primaryimage\"},\"thumbnailUrl\":\"https:\\\/\\\/enfoquedigital.com.ar\\\/wp\\\/wp-content\\\/uploads\\\/2026\\\/09\\\/7.jpg\",\"articleSection\":[\"Provinciales\"],\"inLanguage\":\"es\",\"potentialAction\":[{\"@type\":\"CommentAction\",\"name\":\"Comment\",\"target\":[\"https:\\\/\\\/enfoquedigital.com.ar\\\/wp\\\/?p=99#respond\"]}]},{\"@type\":\"WebPage\",\"@id\":\"https:\\\/\\\/enfoquedigital.com.ar\\\/wp\\\/?p=99\",\"url\":\"https:\\\/\\\/enfoquedigital.com.ar\\\/wp\\\/?p=99\",\"name\":\"CURUZ\u00da CUATI\u00c1 - RECHAZARON UNA PROBATION Y GARANTIZARON EL DERECHO DE UN ADOLESCENTE A LLEGAR A JUICIO - EnfoqueDigital\",\"isPartOf\":{\"@id\":\"https:\\\/\\\/enfoquedigital.com.ar\\\/wp\\\/#website\"},\"primaryImageOfPage\":{\"@id\":\"https:\\\/\\\/enfoquedigital.com.ar\\\/wp\\\/?p=99#primaryimage\"},\"image\":{\"@id\":\"https:\\\/\\\/enfoquedigital.com.ar\\\/wp\\\/?p=99#primaryimage\"},\"thumbnailUrl\":\"https:\\\/\\\/enfoquedigital.com.ar\\\/wp\\\/wp-content\\\/uploads\\\/2026\\\/09\\\/7.jpg\",\"datePublished\":\"2026-09-02T23:39:54+00:00\",\"dateModified\":\"2026-09-02T23:39:55+00:00\",\"breadcrumb\":{\"@id\":\"https:\\\/\\\/enfoquedigital.com.ar\\\/wp\\\/?p=99#breadcrumb\"},\"inLanguage\":\"es\",\"potentialAction\":[{\"@type\":\"ReadAction\",\"target\":[\"https:\\\/\\\/enfoquedigital.com.ar\\\/wp\\\/?p=99\"]}]},{\"@type\":\"ImageObject\",\"inLanguage\":\"es\",\"@id\":\"https:\\\/\\\/enfoquedigital.com.ar\\\/wp\\\/?p=99#primaryimage\",\"url\":\"https:\\\/\\\/enfoquedigital.com.ar\\\/wp\\\/wp-content\\\/uploads\\\/2026\\\/09\\\/7.jpg\",\"contentUrl\":\"https:\\\/\\\/enfoquedigital.com.ar\\\/wp\\\/wp-content\\\/uploads\\\/2026\\\/09\\\/7.jpg\",\"width\":843,\"height\":531},{\"@type\":\"BreadcrumbList\",\"@id\":\"https:\\\/\\\/enfoquedigital.com.ar\\\/wp\\\/?p=99#breadcrumb\",\"itemListElement\":[{\"@type\":\"ListItem\",\"position\":1,\"name\":\"Portada\",\"item\":\"https:\\\/\\\/enfoquedigital.com.ar\\\/wp\"},{\"@type\":\"ListItem\",\"position\":2,\"name\":\"CURUZ\u00da CUATI\u00c1 &#8211; RECHAZARON UNA PROBATION Y GARANTIZARON EL DERECHO DE UN ADOLESCENTE A LLEGAR A JUICIO\"}]},{\"@type\":\"WebSite\",\"@id\":\"https:\\\/\\\/enfoquedigital.com.ar\\\/wp\\\/#website\",\"url\":\"https:\\\/\\\/enfoquedigital.com.ar\\\/wp\\\/\",\"name\":\"EnfoqueDigital\",\"description\":\"Tu Portal De Noticias\",\"publisher\":{\"@id\":\"https:\\\/\\\/enfoquedigital.com.ar\\\/wp\\\/#organization\"},\"potentialAction\":[{\"@type\":\"SearchAction\",\"target\":{\"@type\":\"EntryPoint\",\"urlTemplate\":\"https:\\\/\\\/enfoquedigital.com.ar\\\/wp\\\/?s={search_term_string}\"},\"query-input\":{\"@type\":\"PropertyValueSpecification\",\"valueRequired\":true,\"valueName\":\"search_term_string\"}}],\"inLanguage\":\"es\"},{\"@type\":\"Organization\",\"@id\":\"https:\\\/\\\/enfoquedigital.com.ar\\\/wp\\\/#organization\",\"name\":\"EnfoqueDigital\",\"url\":\"https:\\\/\\\/enfoquedigital.com.ar\\\/wp\\\/\",\"logo\":{\"@type\":\"ImageObject\",\"inLanguage\":\"es\",\"@id\":\"https:\\\/\\\/enfoquedigital.com.ar\\\/wp\\\/#\\\/schema\\\/logo\\\/image\\\/\",\"url\":\"https:\\\/\\\/enfoquedigital.com.ar\\\/wp\\\/wp-content\\\/uploads\\\/2026\\\/08\\\/imagespng.png\",\"contentUrl\":\"https:\\\/\\\/enfoquedigital.com.ar\\\/wp\\\/wp-content\\\/uploads\\\/2026\\\/08\\\/imagespng.png\",\"width\":791,\"height\":252,\"caption\":\"EnfoqueDigital\"},\"image\":{\"@id\":\"https:\\\/\\\/enfoquedigital.com.ar\\\/wp\\\/#\\\/schema\\\/logo\\\/image\\\/\"}},{\"@type\":\"Person\",\"@id\":\"https:\\\/\\\/enfoquedigital.com.ar\\\/wp\\\/#\\\/schema\\\/person\\\/ed42bba879df991ed7ac0e1c77c55042\",\"name\":\"admin\",\"image\":{\"@type\":\"ImageObject\",\"inLanguage\":\"es\",\"@id\":\"https:\\\/\\\/secure.gravatar.com\\\/avatar\\\/6bbe2b9340e7aea7346a806e34c746aeddcfcf36e2e162ec8e6b5e74f9d1497b?s=96&d=mm&r=g\",\"url\":\"https:\\\/\\\/secure.gravatar.com\\\/avatar\\\/6bbe2b9340e7aea7346a806e34c746aeddcfcf36e2e162ec8e6b5e74f9d1497b?s=96&d=mm&r=g\",\"contentUrl\":\"https:\\\/\\\/secure.gravatar.com\\\/avatar\\\/6bbe2b9340e7aea7346a806e34c746aeddcfcf36e2e162ec8e6b5e74f9d1497b?s=96&d=mm&r=g\",\"caption\":\"admin\"},\"sameAs\":[\"https:\\\/\\\/enfoquedigital.com.ar\\\/wp\"],\"url\":\"https:\\\/\\\/enfoquedigital.com.ar\\\/wp\\\/?author=1\"}]}<\/script>\n<!-- \/ Yoast SEO plugin. -->","yoast_head_json":{"title":"CURUZ\u00da CUATI\u00c1 - RECHAZARON UNA PROBATION Y GARANTIZARON EL DERECHO DE UN ADOLESCENTE A LLEGAR A JUICIO - EnfoqueDigital","robots":{"index":"index","follow":"follow","max-snippet":"max-snippet:-1","max-image-preview":"max-image-preview:large","max-video-preview":"max-video-preview:-1"},"canonical":"https:\/\/enfoquedigital.com.ar\/wp\/?p=99","og_locale":"es_ES","og_type":"article","og_title":"CURUZ\u00da CUATI\u00c1 - RECHAZARON UNA PROBATION Y GARANTIZARON EL DERECHO DE UN ADOLESCENTE A LLEGAR A JUICIO - EnfoqueDigital","og_description":"La doctora Mar\u00eda Susana Galeano, jueza subrogante de Curuz\u00fa Cuati\u00e1, rechaz\u00f3 el pedido de suspensi\u00f3n del juicio a prueba formulado por la defensa de dos imputados en una causa en la que una de las v\u00edctimas era adolescente al momento de los hechos. La magistrada sostuvo que debe garantizarse el derecho de las v\u00edctimas a [&hellip;]","og_url":"https:\/\/enfoquedigital.com.ar\/wp\/?p=99","og_site_name":"EnfoqueDigital","article_published_time":"2026-09-02T23:39:54+00:00","article_modified_time":"2026-09-02T23:39:55+00:00","og_image":[{"width":843,"height":531,"url":"https:\/\/enfoquedigital.com.ar\/wp\/wp-content\/uploads\/2026\/09\/7.jpg","type":"image\/jpeg"}],"author":"admin","twitter_card":"summary_large_image","twitter_misc":{"Escrito por":"admin","Tiempo de lectura":"6 minutos"},"schema":{"@context":"https:\/\/schema.org","@graph":[{"@type":"Article","@id":"https:\/\/enfoquedigital.com.ar\/wp\/?p=99#article","isPartOf":{"@id":"https:\/\/enfoquedigital.com.ar\/wp\/?p=99"},"author":{"name":"admin","@id":"https:\/\/enfoquedigital.com.ar\/wp\/#\/schema\/person\/ed42bba879df991ed7ac0e1c77c55042"},"headline":"CURUZ\u00da CUATI\u00c1 &#8211; RECHAZARON UNA PROBATION Y GARANTIZARON EL DERECHO DE UN ADOLESCENTE A LLEGAR A JUICIO","datePublished":"2026-09-02T23:39:54+00:00","dateModified":"2026-09-02T23:39:55+00:00","mainEntityOfPage":{"@id":"https:\/\/enfoquedigital.com.ar\/wp\/?p=99"},"wordCount":1190,"commentCount":0,"publisher":{"@id":"https:\/\/enfoquedigital.com.ar\/wp\/#organization"},"image":{"@id":"https:\/\/enfoquedigital.com.ar\/wp\/?p=99#primaryimage"},"thumbnailUrl":"https:\/\/enfoquedigital.com.ar\/wp\/wp-content\/uploads\/2026\/09\/7.jpg","articleSection":["Provinciales"],"inLanguage":"es","potentialAction":[{"@type":"CommentAction","name":"Comment","target":["https:\/\/enfoquedigital.com.ar\/wp\/?p=99#respond"]}]},{"@type":"WebPage","@id":"https:\/\/enfoquedigital.com.ar\/wp\/?p=99","url":"https:\/\/enfoquedigital.com.ar\/wp\/?p=99","name":"CURUZ\u00da CUATI\u00c1 - RECHAZARON UNA PROBATION Y GARANTIZARON EL DERECHO DE UN ADOLESCENTE A LLEGAR A JUICIO - EnfoqueDigital","isPartOf":{"@id":"https:\/\/enfoquedigital.com.ar\/wp\/#website"},"primaryImageOfPage":{"@id":"https:\/\/enfoquedigital.com.ar\/wp\/?p=99#primaryimage"},"image":{"@id":"https:\/\/enfoquedigital.com.ar\/wp\/?p=99#primaryimage"},"thumbnailUrl":"https:\/\/enfoquedigital.com.ar\/wp\/wp-content\/uploads\/2026\/09\/7.jpg","datePublished":"2026-09-02T23:39:54+00:00","dateModified":"2026-09-02T23:39:55+00:00","breadcrumb":{"@id":"https:\/\/enfoquedigital.com.ar\/wp\/?p=99#breadcrumb"},"inLanguage":"es","potentialAction":[{"@type":"ReadAction","target":["https:\/\/enfoquedigital.com.ar\/wp\/?p=99"]}]},{"@type":"ImageObject","inLanguage":"es","@id":"https:\/\/enfoquedigital.com.ar\/wp\/?p=99#primaryimage","url":"https:\/\/enfoquedigital.com.ar\/wp\/wp-content\/uploads\/2026\/09\/7.jpg","contentUrl":"https:\/\/enfoquedigital.com.ar\/wp\/wp-content\/uploads\/2026\/09\/7.jpg","width":843,"height":531},{"@type":"BreadcrumbList","@id":"https:\/\/enfoquedigital.com.ar\/wp\/?p=99#breadcrumb","itemListElement":[{"@type":"ListItem","position":1,"name":"Portada","item":"https:\/\/enfoquedigital.com.ar\/wp"},{"@type":"ListItem","position":2,"name":"CURUZ\u00da CUATI\u00c1 &#8211; RECHAZARON UNA PROBATION Y GARANTIZARON EL DERECHO DE UN ADOLESCENTE A LLEGAR A JUICIO"}]},{"@type":"WebSite","@id":"https:\/\/enfoquedigital.com.ar\/wp\/#website","url":"https:\/\/enfoquedigital.com.ar\/wp\/","name":"EnfoqueDigital","description":"Tu Portal De Noticias","publisher":{"@id":"https:\/\/enfoquedigital.com.ar\/wp\/#organization"},"potentialAction":[{"@type":"SearchAction","target":{"@type":"EntryPoint","urlTemplate":"https:\/\/enfoquedigital.com.ar\/wp\/?s={search_term_string}"},"query-input":{"@type":"PropertyValueSpecification","valueRequired":true,"valueName":"search_term_string"}}],"inLanguage":"es"},{"@type":"Organization","@id":"https:\/\/enfoquedigital.com.ar\/wp\/#organization","name":"EnfoqueDigital","url":"https:\/\/enfoquedigital.com.ar\/wp\/","logo":{"@type":"ImageObject","inLanguage":"es","@id":"https:\/\/enfoquedigital.com.ar\/wp\/#\/schema\/logo\/image\/","url":"https:\/\/enfoquedigital.com.ar\/wp\/wp-content\/uploads\/2026\/08\/imagespng.png","contentUrl":"https:\/\/enfoquedigital.com.ar\/wp\/wp-content\/uploads\/2026\/08\/imagespng.png","width":791,"height":252,"caption":"EnfoqueDigital"},"image":{"@id":"https:\/\/enfoquedigital.com.ar\/wp\/#\/schema\/logo\/image\/"}},{"@type":"Person","@id":"https:\/\/enfoquedigital.com.ar\/wp\/#\/schema\/person\/ed42bba879df991ed7ac0e1c77c55042","name":"admin","image":{"@type":"ImageObject","inLanguage":"es","@id":"https:\/\/secure.gravatar.com\/avatar\/6bbe2b9340e7aea7346a806e34c746aeddcfcf36e2e162ec8e6b5e74f9d1497b?s=96&d=mm&r=g","url":"https:\/\/secure.gravatar.com\/avatar\/6bbe2b9340e7aea7346a806e34c746aeddcfcf36e2e162ec8e6b5e74f9d1497b?s=96&d=mm&r=g","contentUrl":"https:\/\/secure.gravatar.com\/avatar\/6bbe2b9340e7aea7346a806e34c746aeddcfcf36e2e162ec8e6b5e74f9d1497b?s=96&d=mm&r=g","caption":"admin"},"sameAs":["https:\/\/enfoquedigital.com.ar\/wp"],"url":"https:\/\/enfoquedigital.com.ar\/wp\/?author=1"}]}},"_links":{"self":[{"href":"https:\/\/enfoquedigital.com.ar\/wp\/index.php?rest_route=\/wp\/v2\/posts\/99","targetHints":{"allow":["GET"]}}],"collection":[{"href":"https:\/\/enfoquedigital.com.ar\/wp\/index.php?rest_route=\/wp\/v2\/posts"}],"about":[{"href":"https:\/\/enfoquedigital.com.ar\/wp\/index.php?rest_route=\/wp\/v2\/types\/post"}],"author":[{"embeddable":true,"href":"https:\/\/enfoquedigital.com.ar\/wp\/index.php?rest_route=\/wp\/v2\/users\/1"}],"replies":[{"embeddable":true,"href":"https:\/\/enfoquedigital.com.ar\/wp\/index.php?rest_route=%2Fwp%2Fv2%2Fcomments&post=99"}],"version-history":[{"count":1,"href":"https:\/\/enfoquedigital.com.ar\/wp\/index.php?rest_route=\/wp\/v2\/posts\/99\/revisions"}],"predecessor-version":[{"id":101,"href":"https:\/\/enfoquedigital.com.ar\/wp\/index.php?rest_route=\/wp\/v2\/posts\/99\/revisions\/101"}],"wp:featuredmedia":[{"embeddable":true,"href":"https:\/\/enfoquedigital.com.ar\/wp\/index.php?rest_route=\/wp\/v2\/media\/100"}],"wp:attachment":[{"href":"https:\/\/enfoquedigital.com.ar\/wp\/index.php?rest_route=%2Fwp%2Fv2%2Fmedia&parent=99"}],"wp:term":[{"taxonomy":"category","embeddable":true,"href":"https:\/\/enfoquedigital.com.ar\/wp\/index.php?rest_route=%2Fwp%2Fv2%2Fcategories&post=99"},{"taxonomy":"post_tag","embeddable":true,"href":"https:\/\/enfoquedigital.com.ar\/wp\/index.php?rest_route=%2Fwp%2Fv2%2Ftags&post=99"}],"curies":[{"name":"wp","href":"https:\/\/api.w.org\/{rel}","templated":true}]}}