{"id":96,"date":"2026-09-02T20:38:09","date_gmt":"2026-09-02T23:38:09","guid":{"rendered":"https:\/\/enfoquedigital.com.ar\/wp\/?p=96"},"modified":"2026-09-02T20:38:10","modified_gmt":"2026-09-02T23:38:10","slug":"llego-la-excavadora-adquirida-por-la-municipalidad-de-curuzu-cuatia","status":"publish","type":"post","link":"https:\/\/enfoquedigital.com.ar\/wp\/?p=96","title":{"rendered":"LLEG\u00d3 LA EXCAVADORA ADQUIRIDA POR LA MUNICIPALIDAD DE CURUZ\u00da CUATI\u00c1"},"content":{"rendered":"\n<p class=\"wp-block-paragraph\">La noticia fue confirmada en la ma\u00f1ana de este mi\u00e9rcoles a Enfoque Digital por el Secretario de Obras P\u00fablicas, Ing. Adri\u00e1n Frola.<\/p>\n\n\n\n<p class=\"wp-block-paragraph\">La flamante unidad ya se encuentra en calle El Maestro d\u00f3nde se llevan adelante los trabajos previos para la repavimentaci\u00f3n de 300 metros de esa arteria en el Barrio Centenario.<\/p>\n\n\n\n<p class=\"wp-block-paragraph\">La unidad se incorpora a las otras dos maquinarias adquiridas recientemente por la gesti\u00f3n de la Intendente Ver\u00f3nica Esp\u00edndola, completando de esta manera el lote de tres destinadas al parque vial.<\/p>\n","protected":false},"excerpt":{"rendered":"<p>La noticia fue confirmada en la ma\u00f1ana de este mi\u00e9rcoles a Enfoque Digital por el Secretario de Obras P\u00fablicas, Ing. Adri\u00e1n Frola. La flamante unidad ya se encuentra en calle El Maestro d\u00f3nde se llevan adelante los trabajos previos para la repavimentaci\u00f3n de 300 metros de esa arteria en el Barrio Centenario. La unidad se [&hellip;]<\/p>\n","protected":false},"author":1,"featured_media":97,"comment_status":"open","ping_status":"open","sticky":false,"template":"","format":"standard","meta":{"footnotes":""},"categories":[7,6],"tags":[24,23,25],"class_list":["post-96","post","type-post","status-publish","format-standard","has-post-thumbnail","hentry","category-destacadas","category-locales","tag-curuzu","tag-excavadora","tag-municipio"],"yoast_head":"<!-- This site is optimized with the Yoast SEO plugin v28.4 - https:\/\/yoast.com\/product\/yoast-seo-wordpress\/ -->\n<title>LLEG\u00d3 LA EXCAVADORA ADQUIRIDA POR LA MUNICIPALIDAD DE CURUZ\u00da CUATI\u00c1 - EnfoqueDigital<\/title>\n<meta name=\"robots\" content=\"index, follow, max-snippet:-1, max-image-preview:large, max-video-preview:-1\" \/>\n<link rel=\"canonical\" href=\"https:\/\/enfoquedigital.com.ar\/wp\/?p=96\" \/>\n<meta property=\"og:locale\" content=\"es_ES\" \/>\n<meta property=\"og:type\" content=\"article\" \/>\n<meta property=\"og:title\" content=\"LLEG\u00d3 LA EXCAVADORA ADQUIRIDA POR LA MUNICIPALIDAD DE CURUZ\u00da CUATI\u00c1 - EnfoqueDigital\" \/>\n<meta property=\"og:description\" content=\"La noticia fue confirmada en la ma\u00f1ana de este mi\u00e9rcoles a Enfoque Digital por el Secretario de Obras P\u00fablicas, Ing. Adri\u00e1n Frola. La flamante unidad ya se encuentra en calle El Maestro d\u00f3nde se llevan adelante los trabajos previos para la repavimentaci\u00f3n de 300 metros de esa arteria en el Barrio Centenario. La unidad se [&hellip;]\" \/>\n<meta property=\"og:url\" content=\"https:\/\/enfoquedigital.com.ar\/wp\/?p=96\" \/>\n<meta property=\"og:site_name\" content=\"EnfoqueDigital\" \/>\n<meta property=\"article:published_time\" content=\"2026-09-02T23:38:09+00:00\" \/>\n<meta property=\"article:modified_time\" content=\"2026-09-02T23:38:10+00:00\" \/>\n<meta property=\"og:image\" content=\"https:\/\/enfoquedigital.com.ar\/wp\/wp-content\/uploads\/2026\/09\/8.jpg\" \/>\n\t<meta property=\"og:image:width\" content=\"720\" \/>\n\t<meta property=\"og:image:height\" content=\"393\" \/>\n\t<meta property=\"og:image:type\" content=\"image\/jpeg\" \/>\n<meta name=\"author\" content=\"admin\" \/>\n<meta name=\"twitter:card\" content=\"summary_large_image\" \/>\n<meta name=\"twitter:label1\" content=\"Escrito por\" \/>\n\t<meta name=\"twitter:data1\" content=\"admin\" \/>\n\t<meta name=\"twitter:label2\" content=\"Tiempo de lectura\" \/>\n\t<meta name=\"twitter:data2\" content=\"1 minuto\" \/>\n<script type=\"application\/ld+json\" class=\"yoast-schema-graph\">{\"@context\":\"https:\\\/\\\/schema.org\",\"@graph\":[{\"@type\":\"Article\",\"@id\":\"https:\\\/\\\/enfoquedigital.com.ar\\\/wp\\\/?p=96#article\",\"isPartOf\":{\"@id\":\"https:\\\/\\\/enfoquedigital.com.ar\\\/wp\\\/?p=96\"},\"author\":{\"name\":\"admin\",\"@id\":\"https:\\\/\\\/enfoquedigital.com.ar\\\/wp\\\/#\\\/schema\\\/person\\\/ed42bba879df991ed7ac0e1c77c55042\"},\"headline\":\"LLEG\u00d3 LA EXCAVADORA ADQUIRIDA POR LA MUNICIPALIDAD DE CURUZ\u00da CUATI\u00c1\",\"datePublished\":\"2026-09-02T23:38:09+00:00\",\"dateModified\":\"2026-09-02T23:38:10+00:00\",\"mainEntityOfPage\":{\"@id\":\"https:\\\/\\\/enfoquedigital.com.ar\\\/wp\\\/?p=96\"},\"wordCount\":101,\"commentCount\":0,\"publisher\":{\"@id\":\"https:\\\/\\\/enfoquedigital.com.ar\\\/wp\\\/#organization\"},\"image\":{\"@id\":\"https:\\\/\\\/enfoquedigital.com.ar\\\/wp\\\/?p=96#primaryimage\"},\"thumbnailUrl\":\"https:\\\/\\\/enfoquedigital.com.ar\\\/wp\\\/wp-content\\\/uploads\\\/2026\\\/09\\\/8.jpg\",\"keywords\":[\"curuz\u00f9\",\"excavadora\",\"municipio\"],\"articleSection\":[\"Destacadas\",\"Locales\"],\"inLanguage\":\"es\",\"potentialAction\":[{\"@type\":\"CommentAction\",\"name\":\"Comment\",\"target\":[\"https:\\\/\\\/enfoquedigital.com.ar\\\/wp\\\/?p=96#respond\"]}]},{\"@type\":\"WebPage\",\"@id\":\"https:\\\/\\\/enfoquedigital.com.ar\\\/wp\\\/?p=96\",\"url\":\"https:\\\/\\\/enfoquedigital.com.ar\\\/wp\\\/?p=96\",\"name\":\"LLEG\u00d3 LA EXCAVADORA ADQUIRIDA POR LA MUNICIPALIDAD DE CURUZ\u00da CUATI\u00c1 - EnfoqueDigital\",\"isPartOf\":{\"@id\":\"https:\\\/\\\/enfoquedigital.com.ar\\\/wp\\\/#website\"},\"primaryImageOfPage\":{\"@id\":\"https:\\\/\\\/enfoquedigital.com.ar\\\/wp\\\/?p=96#primaryimage\"},\"image\":{\"@id\":\"https:\\\/\\\/enfoquedigital.com.ar\\\/wp\\\/?p=96#primaryimage\"},\"thumbnailUrl\":\"https:\\\/\\\/enfoquedigital.com.ar\\\/wp\\\/wp-content\\\/uploads\\\/2026\\\/09\\\/8.jpg\",\"datePublished\":\"2026-09-02T23:38:09+00:00\",\"dateModified\":\"2026-09-02T23:38:10+00:00\",\"breadcrumb\":{\"@id\":\"https:\\\/\\\/enfoquedigital.com.ar\\\/wp\\\/?p=96#breadcrumb\"},\"inLanguage\":\"es\",\"potentialAction\":[{\"@type\":\"ReadAction\",\"target\":[\"https:\\\/\\\/enfoquedigital.com.ar\\\/wp\\\/?p=96\"]}]},{\"@type\":\"ImageObject\",\"inLanguage\":\"es\",\"@id\":\"https:\\\/\\\/enfoquedigital.com.ar\\\/wp\\\/?p=96#primaryimage\",\"url\":\"https:\\\/\\\/enfoquedigital.com.ar\\\/wp\\\/wp-content\\\/uploads\\\/2026\\\/09\\\/8.jpg\",\"contentUrl\":\"https:\\\/\\\/enfoquedigital.com.ar\\\/wp\\\/wp-content\\\/uploads\\\/2026\\\/09\\\/8.jpg\",\"width\":720,\"height\":393},{\"@type\":\"BreadcrumbList\",\"@id\":\"https:\\\/\\\/enfoquedigital.com.ar\\\/wp\\\/?p=96#breadcrumb\",\"itemListElement\":[{\"@type\":\"ListItem\",\"position\":1,\"name\":\"Portada\",\"item\":\"https:\\\/\\\/enfoquedigital.com.ar\\\/wp\"},{\"@type\":\"ListItem\",\"position\":2,\"name\":\"LLEG\u00d3 LA EXCAVADORA ADQUIRIDA POR LA MUNICIPALIDAD DE CURUZ\u00da CUATI\u00c1\"}]},{\"@type\":\"WebSite\",\"@id\":\"https:\\\/\\\/enfoquedigital.com.ar\\\/wp\\\/#website\",\"url\":\"https:\\\/\\\/enfoquedigital.com.ar\\\/wp\\\/\",\"name\":\"EnfoqueDigital\",\"description\":\"Tu Portal De Noticias\",\"publisher\":{\"@id\":\"https:\\\/\\\/enfoquedigital.com.ar\\\/wp\\\/#organization\"},\"potentialAction\":[{\"@type\":\"SearchAction\",\"target\":{\"@type\":\"EntryPoint\",\"urlTemplate\":\"https:\\\/\\\/enfoquedigital.com.ar\\\/wp\\\/?s={search_term_string}\"},\"query-input\":{\"@type\":\"PropertyValueSpecification\",\"valueRequired\":true,\"valueName\":\"search_term_string\"}}],\"inLanguage\":\"es\"},{\"@type\":\"Organization\",\"@id\":\"https:\\\/\\\/enfoquedigital.com.ar\\\/wp\\\/#organization\",\"name\":\"EnfoqueDigital\",\"url\":\"https:\\\/\\\/enfoquedigital.com.ar\\\/wp\\\/\",\"logo\":{\"@type\":\"ImageObject\",\"inLanguage\":\"es\",\"@id\":\"https:\\\/\\\/enfoquedigital.com.ar\\\/wp\\\/#\\\/schema\\\/logo\\\/image\\\/\",\"url\":\"https:\\\/\\\/enfoquedigital.com.ar\\\/wp\\\/wp-content\\\/uploads\\\/2026\\\/08\\\/imagespng.png\",\"contentUrl\":\"https:\\\/\\\/enfoquedigital.com.ar\\\/wp\\\/wp-content\\\/uploads\\\/2026\\\/08\\\/imagespng.png\",\"width\":791,\"height\":252,\"caption\":\"EnfoqueDigital\"},\"image\":{\"@id\":\"https:\\\/\\\/enfoquedigital.com.ar\\\/wp\\\/#\\\/schema\\\/logo\\\/image\\\/\"}},{\"@type\":\"Person\",\"@id\":\"https:\\\/\\\/enfoquedigital.com.ar\\\/wp\\\/#\\\/schema\\\/person\\\/ed42bba879df991ed7ac0e1c77c55042\",\"name\":\"admin\",\"image\":{\"@type\":\"ImageObject\",\"inLanguage\":\"es\",\"@id\":\"https:\\\/\\\/secure.gravatar.com\\\/avatar\\\/6bbe2b9340e7aea7346a806e34c746aeddcfcf36e2e162ec8e6b5e74f9d1497b?s=96&d=mm&r=g\",\"url\":\"https:\\\/\\\/secure.gravatar.com\\\/avatar\\\/6bbe2b9340e7aea7346a806e34c746aeddcfcf36e2e162ec8e6b5e74f9d1497b?s=96&d=mm&r=g\",\"contentUrl\":\"https:\\\/\\\/secure.gravatar.com\\\/avatar\\\/6bbe2b9340e7aea7346a806e34c746aeddcfcf36e2e162ec8e6b5e74f9d1497b?s=96&d=mm&r=g\",\"caption\":\"admin\"},\"sameAs\":[\"https:\\\/\\\/enfoquedigital.com.ar\\\/wp\"],\"url\":\"https:\\\/\\\/enfoquedigital.com.ar\\\/wp\\\/?author=1\"}]}<\/script>\n<!-- \/ Yoast SEO plugin. -->","yoast_head_json":{"title":"LLEG\u00d3 LA EXCAVADORA ADQUIRIDA POR LA MUNICIPALIDAD DE CURUZ\u00da CUATI\u00c1 - EnfoqueDigital","robots":{"index":"index","follow":"follow","max-snippet":"max-snippet:-1","max-image-preview":"max-image-preview:large","max-video-preview":"max-video-preview:-1"},"canonical":"https:\/\/enfoquedigital.com.ar\/wp\/?p=96","og_locale":"es_ES","og_type":"article","og_title":"LLEG\u00d3 LA EXCAVADORA ADQUIRIDA POR LA MUNICIPALIDAD DE CURUZ\u00da CUATI\u00c1 - EnfoqueDigital","og_description":"La noticia fue confirmada en la ma\u00f1ana de este mi\u00e9rcoles a Enfoque Digital por el Secretario de Obras P\u00fablicas, Ing. Adri\u00e1n Frola. La flamante unidad ya se encuentra en calle El Maestro d\u00f3nde se llevan adelante los trabajos previos para la repavimentaci\u00f3n de 300 metros de esa arteria en el Barrio Centenario. La unidad se [&hellip;]","og_url":"https:\/\/enfoquedigital.com.ar\/wp\/?p=96","og_site_name":"EnfoqueDigital","article_published_time":"2026-09-02T23:38:09+00:00","article_modified_time":"2026-09-02T23:38:10+00:00","og_image":[{"width":720,"height":393,"url":"https:\/\/enfoquedigital.com.ar\/wp\/wp-content\/uploads\/2026\/09\/8.jpg","type":"image\/jpeg"}],"author":"admin","twitter_card":"summary_large_image","twitter_misc":{"Escrito por":"admin","Tiempo de lectura":"1 minuto"},"schema":{"@context":"https:\/\/schema.org","@graph":[{"@type":"Article","@id":"https:\/\/enfoquedigital.com.ar\/wp\/?p=96#article","isPartOf":{"@id":"https:\/\/enfoquedigital.com.ar\/wp\/?p=96"},"author":{"name":"admin","@id":"https:\/\/enfoquedigital.com.ar\/wp\/#\/schema\/person\/ed42bba879df991ed7ac0e1c77c55042"},"headline":"LLEG\u00d3 LA EXCAVADORA ADQUIRIDA POR LA MUNICIPALIDAD DE CURUZ\u00da CUATI\u00c1","datePublished":"2026-09-02T23:38:09+00:00","dateModified":"2026-09-02T23:38:10+00:00","mainEntityOfPage":{"@id":"https:\/\/enfoquedigital.com.ar\/wp\/?p=96"},"wordCount":101,"commentCount":0,"publisher":{"@id":"https:\/\/enfoquedigital.com.ar\/wp\/#organization"},"image":{"@id":"https:\/\/enfoquedigital.com.ar\/wp\/?p=96#primaryimage"},"thumbnailUrl":"https:\/\/enfoquedigital.com.ar\/wp\/wp-content\/uploads\/2026\/09\/8.jpg","keywords":["curuz\u00f9","excavadora","municipio"],"articleSection":["Destacadas","Locales"],"inLanguage":"es","potentialAction":[{"@type":"CommentAction","name":"Comment","target":["https:\/\/enfoquedigital.com.ar\/wp\/?p=96#respond"]}]},{"@type":"WebPage","@id":"https:\/\/enfoquedigital.com.ar\/wp\/?p=96","url":"https:\/\/enfoquedigital.com.ar\/wp\/?p=96","name":"LLEG\u00d3 LA EXCAVADORA ADQUIRIDA POR LA MUNICIPALIDAD DE CURUZ\u00da CUATI\u00c1 - EnfoqueDigital","isPartOf":{"@id":"https:\/\/enfoquedigital.com.ar\/wp\/#website"},"primaryImageOfPage":{"@id":"https:\/\/enfoquedigital.com.ar\/wp\/?p=96#primaryimage"},"image":{"@id":"https:\/\/enfoquedigital.com.ar\/wp\/?p=96#primaryimage"},"thumbnailUrl":"https:\/\/enfoquedigital.com.ar\/wp\/wp-content\/uploads\/2026\/09\/8.jpg","datePublished":"2026-09-02T23:38:09+00:00","dateModified":"2026-09-02T23:38:10+00:00","breadcrumb":{"@id":"https:\/\/enfoquedigital.com.ar\/wp\/?p=96#breadcrumb"},"inLanguage":"es","potentialAction":[{"@type":"ReadAction","target":["https:\/\/enfoquedigital.com.ar\/wp\/?p=96"]}]},{"@type":"ImageObject","inLanguage":"es","@id":"https:\/\/enfoquedigital.com.ar\/wp\/?p=96#primaryimage","url":"https:\/\/enfoquedigital.com.ar\/wp\/wp-content\/uploads\/2026\/09\/8.jpg","contentUrl":"https:\/\/enfoquedigital.com.ar\/wp\/wp-content\/uploads\/2026\/09\/8.jpg","width":720,"height":393},{"@type":"BreadcrumbList","@id":"https:\/\/enfoquedigital.com.ar\/wp\/?p=96#breadcrumb","itemListElement":[{"@type":"ListItem","position":1,"name":"Portada","item":"https:\/\/enfoquedigital.com.ar\/wp"},{"@type":"ListItem","position":2,"name":"LLEG\u00d3 LA EXCAVADORA ADQUIRIDA POR LA MUNICIPALIDAD DE CURUZ\u00da CUATI\u00c1"}]},{"@type":"WebSite","@id":"https:\/\/enfoquedigital.com.ar\/wp\/#website","url":"https:\/\/enfoquedigital.com.ar\/wp\/","name":"EnfoqueDigital","description":"Tu Portal De Noticias","publisher":{"@id":"https:\/\/enfoquedigital.com.ar\/wp\/#organization"},"potentialAction":[{"@type":"SearchAction","target":{"@type":"EntryPoint","urlTemplate":"https:\/\/enfoquedigital.com.ar\/wp\/?s={search_term_string}"},"query-input":{"@type":"PropertyValueSpecification","valueRequired":true,"valueName":"search_term_string"}}],"inLanguage":"es"},{"@type":"Organization","@id":"https:\/\/enfoquedigital.com.ar\/wp\/#organization","name":"EnfoqueDigital","url":"https:\/\/enfoquedigital.com.ar\/wp\/","logo":{"@type":"ImageObject","inLanguage":"es","@id":"https:\/\/enfoquedigital.com.ar\/wp\/#\/schema\/logo\/image\/","url":"https:\/\/enfoquedigital.com.ar\/wp\/wp-content\/uploads\/2026\/08\/imagespng.png","contentUrl":"https:\/\/enfoquedigital.com.ar\/wp\/wp-content\/uploads\/2026\/08\/imagespng.png","width":791,"height":252,"caption":"EnfoqueDigital"},"image":{"@id":"https:\/\/enfoquedigital.com.ar\/wp\/#\/schema\/logo\/image\/"}},{"@type":"Person","@id":"https:\/\/enfoquedigital.com.ar\/wp\/#\/schema\/person\/ed42bba879df991ed7ac0e1c77c55042","name":"admin","image":{"@type":"ImageObject","inLanguage":"es","@id":"https:\/\/secure.gravatar.com\/avatar\/6bbe2b9340e7aea7346a806e34c746aeddcfcf36e2e162ec8e6b5e74f9d1497b?s=96&d=mm&r=g","url":"https:\/\/secure.gravatar.com\/avatar\/6bbe2b9340e7aea7346a806e34c746aeddcfcf36e2e162ec8e6b5e74f9d1497b?s=96&d=mm&r=g","contentUrl":"https:\/\/secure.gravatar.com\/avatar\/6bbe2b9340e7aea7346a806e34c746aeddcfcf36e2e162ec8e6b5e74f9d1497b?s=96&d=mm&r=g","caption":"admin"},"sameAs":["https:\/\/enfoquedigital.com.ar\/wp"],"url":"https:\/\/enfoquedigital.com.ar\/wp\/?author=1"}]}},"_links":{"self":[{"href":"https:\/\/enfoquedigital.com.ar\/wp\/index.php?rest_route=\/wp\/v2\/posts\/96","targetHints":{"allow":["GET"]}}],"collection":[{"href":"https:\/\/enfoquedigital.com.ar\/wp\/index.php?rest_route=\/wp\/v2\/posts"}],"about":[{"href":"https:\/\/enfoquedigital.com.ar\/wp\/index.php?rest_route=\/wp\/v2\/types\/post"}],"author":[{"embeddable":true,"href":"https:\/\/enfoquedigital.com.ar\/wp\/index.php?rest_route=\/wp\/v2\/users\/1"}],"replies":[{"embeddable":true,"href":"https:\/\/enfoquedigital.com.ar\/wp\/index.php?rest_route=%2Fwp%2Fv2%2Fcomments&post=96"}],"version-history":[{"count":1,"href":"https:\/\/enfoquedigital.com.ar\/wp\/index.php?rest_route=\/wp\/v2\/posts\/96\/revisions"}],"predecessor-version":[{"id":98,"href":"https:\/\/enfoquedigital.com.ar\/wp\/index.php?rest_route=\/wp\/v2\/posts\/96\/revisions\/98"}],"wp:featuredmedia":[{"embeddable":true,"href":"https:\/\/enfoquedigital.com.ar\/wp\/index.php?rest_route=\/wp\/v2\/media\/97"}],"wp:attachment":[{"href":"https:\/\/enfoquedigital.com.ar\/wp\/index.php?rest_route=%2Fwp%2Fv2%2Fmedia&parent=96"}],"wp:term":[{"taxonomy":"category","embeddable":true,"href":"https:\/\/enfoquedigital.com.ar\/wp\/index.php?rest_route=%2Fwp%2Fv2%2Fcategories&post=96"},{"taxonomy":"post_tag","embeddable":true,"href":"https:\/\/enfoquedigital.com.ar\/wp\/index.php?rest_route=%2Fwp%2Fv2%2Ftags&post=96"}],"curies":[{"name":"wp","href":"https:\/\/api.w.org\/{rel}","templated":true}]}}