{"id":87,"date":"2026-09-02T20:24:17","date_gmt":"2026-09-02T23:24:17","guid":{"rendered":"https:\/\/enfoquedigital.com.ar\/wp\/?p=87"},"modified":"2026-09-02T20:28:23","modified_gmt":"2026-09-02T23:28:23","slug":"secuestran-en-nuestra-ciudad-un-automovil-robado-en-buenos-aires-en-el-mes-de-abril","status":"publish","type":"post","link":"https:\/\/enfoquedigital.com.ar\/wp\/?p=87","title":{"rendered":"SECUESTRAN EN NUESTRA CIUDAD UN AUTOM\u00d3VIL ROBADO EN BUENOS AIRES EN EL MES DE ABRIL"},"content":{"rendered":"\n<p class=\"wp-block-paragraph\">Al ser consultado a su propietario por la procedencia de este rodado, el mismo manifest\u00f3 haberlo adquirido a una persona oriunda de una ciudad cercana, que habr\u00eda entregado otro veh\u00edculo como parte de pago, desconociendo las irregularidades que pose\u00eda el mismo.<\/p>\n\n\n\n<p class=\"wp-block-paragraph\">En el marco de tareas investigativas llevadas adelante por personal de la Divisi\u00f3n de Investigaci\u00f3n Criminal de esta ciudad, a cargo del Comisario Inspector Roberto Ayala, se logr\u00f3 el secuestro de un veh\u00edculo automotor el cual se encontraba circulando y pose\u00eda pedido de secuestro.<\/p>\n\n\n\n<!--more-->\n\n\n\n<p class=\"wp-block-paragraph\">Se trata de un VW Bora, con pedido de secuestro por robo en la ciudad de Buenos Aires en fecha 13 de abril del corriente a\u00f1o; con conocimiento de la Unidad Fiscal dicho rodado qued\u00f3 secuestrado en legal forma y bajo custodia en Comisaria Primera.<\/p>\n\n\n\n<p class=\"wp-block-paragraph\">Esta clases de Investigaciones forman parte de un proceso iniciado hace aproximadamente un a\u00f1o por la DIC Curuz\u00fa Cuati\u00e1 y que se mantiene vigente a la fecha.<\/p>\n\n\n\n<p class=\"wp-block-paragraph\">Las tareas son desarrolladas ininterrumpidamente y en forma conjunta entre la Divisi\u00f3n de Investigaci\u00f3n Criminal con la Unidad Fiscal a cargo de la Dra. Bel\u00e9n Arr\u00faa y el Dr. Oscar Ca\u00f1ete.<\/p>\n\n\n\n<p class=\"wp-block-paragraph\">Los procedimientos ya cuentan con varios veh\u00edculos secuestrados entre autom\u00f3viles y motocicletas, todos con pedido de secuestro vigentes por robo, adulteraci\u00f3n de papeles, y poseer documentaciones ap\u00f3crifas.<\/p>\n\n\n\n<p class=\"wp-block-paragraph\">A ra\u00edz de distintas causas iniciadas por los detectives de la DIC, se procedi\u00f3 al desbaratamiento de bandas delictivas dedicadas a esta modalidad de delitos.<\/p>\n\n\n\n<p class=\"wp-block-paragraph\">PRENSA UNIDAD REGIONAL III<\/p>\n","protected":false},"excerpt":{"rendered":"<p>Al ser consultado a su propietario por la procedencia de este rodado, el mismo manifest\u00f3 haberlo adquirido a una persona oriunda de una ciudad cercana, que habr\u00eda entregado otro veh\u00edculo como parte de pago, desconociendo las irregularidades que pose\u00eda el mismo. En el marco de tareas investigativas llevadas adelante por personal de la Divisi\u00f3n de [&hellip;]<\/p>\n","protected":false},"author":1,"featured_media":88,"comment_status":"open","ping_status":"open","sticky":false,"template":"","format":"standard","meta":{"footnotes":""},"categories":[8],"tags":[19,20,18],"class_list":["post-87","post","type-post","status-publish","format-standard","has-post-thumbnail","hentry","category-policiales","tag-bora","tag-dic-curuzu","tag-robo"],"yoast_head":"<!-- This site is optimized with the Yoast SEO plugin v28.4 - https:\/\/yoast.com\/product\/yoast-seo-wordpress\/ -->\n<title>SECUESTRAN EN NUESTRA CIUDAD UN AUTOM\u00d3VIL ROBADO EN BUENOS AIRES EN EL MES DE ABRIL - EnfoqueDigital<\/title>\n<meta name=\"robots\" content=\"index, follow, max-snippet:-1, max-image-preview:large, max-video-preview:-1\" \/>\n<link rel=\"canonical\" href=\"https:\/\/enfoquedigital.com.ar\/wp\/?p=87\" \/>\n<meta property=\"og:locale\" content=\"es_ES\" \/>\n<meta property=\"og:type\" content=\"article\" \/>\n<meta property=\"og:title\" content=\"SECUESTRAN EN NUESTRA CIUDAD UN AUTOM\u00d3VIL ROBADO EN BUENOS AIRES EN EL MES DE ABRIL - EnfoqueDigital\" \/>\n<meta property=\"og:description\" content=\"Al ser consultado a su propietario por la procedencia de este rodado, el mismo manifest\u00f3 haberlo adquirido a una persona oriunda de una ciudad cercana, que habr\u00eda entregado otro veh\u00edculo como parte de pago, desconociendo las irregularidades que pose\u00eda el mismo. En el marco de tareas investigativas llevadas adelante por personal de la Divisi\u00f3n de [&hellip;]\" \/>\n<meta property=\"og:url\" content=\"https:\/\/enfoquedigital.com.ar\/wp\/?p=87\" \/>\n<meta property=\"og:site_name\" content=\"EnfoqueDigital\" \/>\n<meta property=\"article:published_time\" content=\"2026-09-02T23:24:17+00:00\" \/>\n<meta property=\"article:modified_time\" content=\"2026-09-02T23:28:23+00:00\" \/>\n<meta property=\"og:image\" content=\"https:\/\/enfoquedigital.com.ar\/wp\/wp-content\/uploads\/2026\/09\/10.jpg\" \/>\n\t<meta property=\"og:image:width\" content=\"693\" \/>\n\t<meta property=\"og:image:height\" content=\"540\" \/>\n\t<meta property=\"og:image:type\" content=\"image\/jpeg\" \/>\n<meta name=\"author\" content=\"admin\" \/>\n<meta name=\"twitter:card\" content=\"summary_large_image\" \/>\n<meta name=\"twitter:label1\" content=\"Escrito por\" \/>\n\t<meta name=\"twitter:data1\" content=\"admin\" \/>\n\t<meta name=\"twitter:label2\" content=\"Tiempo de lectura\" \/>\n\t<meta name=\"twitter:data2\" content=\"2 minutos\" \/>\n<script type=\"application\/ld+json\" class=\"yoast-schema-graph\">{\"@context\":\"https:\\\/\\\/schema.org\",\"@graph\":[{\"@type\":\"Article\",\"@id\":\"https:\\\/\\\/enfoquedigital.com.ar\\\/wp\\\/?p=87#article\",\"isPartOf\":{\"@id\":\"https:\\\/\\\/enfoquedigital.com.ar\\\/wp\\\/?p=87\"},\"author\":{\"name\":\"admin\",\"@id\":\"https:\\\/\\\/enfoquedigital.com.ar\\\/wp\\\/#\\\/schema\\\/person\\\/ed42bba879df991ed7ac0e1c77c55042\"},\"headline\":\"SECUESTRAN EN NUESTRA CIUDAD UN AUTOM\u00d3VIL ROBADO EN BUENOS AIRES EN EL MES DE ABRIL\",\"datePublished\":\"2026-09-02T23:24:17+00:00\",\"dateModified\":\"2026-09-02T23:28:23+00:00\",\"mainEntityOfPage\":{\"@id\":\"https:\\\/\\\/enfoquedigital.com.ar\\\/wp\\\/?p=87\"},\"wordCount\":278,\"commentCount\":0,\"publisher\":{\"@id\":\"https:\\\/\\\/enfoquedigital.com.ar\\\/wp\\\/#organization\"},\"image\":{\"@id\":\"https:\\\/\\\/enfoquedigital.com.ar\\\/wp\\\/?p=87#primaryimage\"},\"thumbnailUrl\":\"https:\\\/\\\/enfoquedigital.com.ar\\\/wp\\\/wp-content\\\/uploads\\\/2026\\\/09\\\/10.jpg\",\"keywords\":[\"bora\",\"DIC Curuz\u00f9\",\"robo\"],\"articleSection\":[\"Policiales\"],\"inLanguage\":\"es\",\"potentialAction\":[{\"@type\":\"CommentAction\",\"name\":\"Comment\",\"target\":[\"https:\\\/\\\/enfoquedigital.com.ar\\\/wp\\\/?p=87#respond\"]}]},{\"@type\":\"WebPage\",\"@id\":\"https:\\\/\\\/enfoquedigital.com.ar\\\/wp\\\/?p=87\",\"url\":\"https:\\\/\\\/enfoquedigital.com.ar\\\/wp\\\/?p=87\",\"name\":\"SECUESTRAN EN NUESTRA CIUDAD UN AUTOM\u00d3VIL ROBADO EN BUENOS AIRES EN EL MES DE ABRIL - EnfoqueDigital\",\"isPartOf\":{\"@id\":\"https:\\\/\\\/enfoquedigital.com.ar\\\/wp\\\/#website\"},\"primaryImageOfPage\":{\"@id\":\"https:\\\/\\\/enfoquedigital.com.ar\\\/wp\\\/?p=87#primaryimage\"},\"image\":{\"@id\":\"https:\\\/\\\/enfoquedigital.com.ar\\\/wp\\\/?p=87#primaryimage\"},\"thumbnailUrl\":\"https:\\\/\\\/enfoquedigital.com.ar\\\/wp\\\/wp-content\\\/uploads\\\/2026\\\/09\\\/10.jpg\",\"datePublished\":\"2026-09-02T23:24:17+00:00\",\"dateModified\":\"2026-09-02T23:28:23+00:00\",\"breadcrumb\":{\"@id\":\"https:\\\/\\\/enfoquedigital.com.ar\\\/wp\\\/?p=87#breadcrumb\"},\"inLanguage\":\"es\",\"potentialAction\":[{\"@type\":\"ReadAction\",\"target\":[\"https:\\\/\\\/enfoquedigital.com.ar\\\/wp\\\/?p=87\"]}]},{\"@type\":\"ImageObject\",\"inLanguage\":\"es\",\"@id\":\"https:\\\/\\\/enfoquedigital.com.ar\\\/wp\\\/?p=87#primaryimage\",\"url\":\"https:\\\/\\\/enfoquedigital.com.ar\\\/wp\\\/wp-content\\\/uploads\\\/2026\\\/09\\\/10.jpg\",\"contentUrl\":\"https:\\\/\\\/enfoquedigital.com.ar\\\/wp\\\/wp-content\\\/uploads\\\/2026\\\/09\\\/10.jpg\",\"width\":693,\"height\":540},{\"@type\":\"BreadcrumbList\",\"@id\":\"https:\\\/\\\/enfoquedigital.com.ar\\\/wp\\\/?p=87#breadcrumb\",\"itemListElement\":[{\"@type\":\"ListItem\",\"position\":1,\"name\":\"Portada\",\"item\":\"https:\\\/\\\/enfoquedigital.com.ar\\\/wp\"},{\"@type\":\"ListItem\",\"position\":2,\"name\":\"SECUESTRAN EN NUESTRA CIUDAD UN AUTOM\u00d3VIL ROBADO EN BUENOS AIRES EN EL MES DE ABRIL\"}]},{\"@type\":\"WebSite\",\"@id\":\"https:\\\/\\\/enfoquedigital.com.ar\\\/wp\\\/#website\",\"url\":\"https:\\\/\\\/enfoquedigital.com.ar\\\/wp\\\/\",\"name\":\"EnfoqueDigital\",\"description\":\"Tu Portal De Noticias\",\"publisher\":{\"@id\":\"https:\\\/\\\/enfoquedigital.com.ar\\\/wp\\\/#organization\"},\"potentialAction\":[{\"@type\":\"SearchAction\",\"target\":{\"@type\":\"EntryPoint\",\"urlTemplate\":\"https:\\\/\\\/enfoquedigital.com.ar\\\/wp\\\/?s={search_term_string}\"},\"query-input\":{\"@type\":\"PropertyValueSpecification\",\"valueRequired\":true,\"valueName\":\"search_term_string\"}}],\"inLanguage\":\"es\"},{\"@type\":\"Organization\",\"@id\":\"https:\\\/\\\/enfoquedigital.com.ar\\\/wp\\\/#organization\",\"name\":\"EnfoqueDigital\",\"url\":\"https:\\\/\\\/enfoquedigital.com.ar\\\/wp\\\/\",\"logo\":{\"@type\":\"ImageObject\",\"inLanguage\":\"es\",\"@id\":\"https:\\\/\\\/enfoquedigital.com.ar\\\/wp\\\/#\\\/schema\\\/logo\\\/image\\\/\",\"url\":\"https:\\\/\\\/enfoquedigital.com.ar\\\/wp\\\/wp-content\\\/uploads\\\/2026\\\/08\\\/imagespng.png\",\"contentUrl\":\"https:\\\/\\\/enfoquedigital.com.ar\\\/wp\\\/wp-content\\\/uploads\\\/2026\\\/08\\\/imagespng.png\",\"width\":791,\"height\":252,\"caption\":\"EnfoqueDigital\"},\"image\":{\"@id\":\"https:\\\/\\\/enfoquedigital.com.ar\\\/wp\\\/#\\\/schema\\\/logo\\\/image\\\/\"}},{\"@type\":\"Person\",\"@id\":\"https:\\\/\\\/enfoquedigital.com.ar\\\/wp\\\/#\\\/schema\\\/person\\\/ed42bba879df991ed7ac0e1c77c55042\",\"name\":\"admin\",\"image\":{\"@type\":\"ImageObject\",\"inLanguage\":\"es\",\"@id\":\"https:\\\/\\\/secure.gravatar.com\\\/avatar\\\/6bbe2b9340e7aea7346a806e34c746aeddcfcf36e2e162ec8e6b5e74f9d1497b?s=96&d=mm&r=g\",\"url\":\"https:\\\/\\\/secure.gravatar.com\\\/avatar\\\/6bbe2b9340e7aea7346a806e34c746aeddcfcf36e2e162ec8e6b5e74f9d1497b?s=96&d=mm&r=g\",\"contentUrl\":\"https:\\\/\\\/secure.gravatar.com\\\/avatar\\\/6bbe2b9340e7aea7346a806e34c746aeddcfcf36e2e162ec8e6b5e74f9d1497b?s=96&d=mm&r=g\",\"caption\":\"admin\"},\"sameAs\":[\"https:\\\/\\\/enfoquedigital.com.ar\\\/wp\"],\"url\":\"https:\\\/\\\/enfoquedigital.com.ar\\\/wp\\\/?author=1\"}]}<\/script>\n<!-- \/ Yoast SEO plugin. -->","yoast_head_json":{"title":"SECUESTRAN EN NUESTRA CIUDAD UN AUTOM\u00d3VIL ROBADO EN BUENOS AIRES EN EL MES DE ABRIL - EnfoqueDigital","robots":{"index":"index","follow":"follow","max-snippet":"max-snippet:-1","max-image-preview":"max-image-preview:large","max-video-preview":"max-video-preview:-1"},"canonical":"https:\/\/enfoquedigital.com.ar\/wp\/?p=87","og_locale":"es_ES","og_type":"article","og_title":"SECUESTRAN EN NUESTRA CIUDAD UN AUTOM\u00d3VIL ROBADO EN BUENOS AIRES EN EL MES DE ABRIL - EnfoqueDigital","og_description":"Al ser consultado a su propietario por la procedencia de este rodado, el mismo manifest\u00f3 haberlo adquirido a una persona oriunda de una ciudad cercana, que habr\u00eda entregado otro veh\u00edculo como parte de pago, desconociendo las irregularidades que pose\u00eda el mismo. En el marco de tareas investigativas llevadas adelante por personal de la Divisi\u00f3n de [&hellip;]","og_url":"https:\/\/enfoquedigital.com.ar\/wp\/?p=87","og_site_name":"EnfoqueDigital","article_published_time":"2026-09-02T23:24:17+00:00","article_modified_time":"2026-09-02T23:28:23+00:00","og_image":[{"width":693,"height":540,"url":"https:\/\/enfoquedigital.com.ar\/wp\/wp-content\/uploads\/2026\/09\/10.jpg","type":"image\/jpeg"}],"author":"admin","twitter_card":"summary_large_image","twitter_misc":{"Escrito por":"admin","Tiempo de lectura":"2 minutos"},"schema":{"@context":"https:\/\/schema.org","@graph":[{"@type":"Article","@id":"https:\/\/enfoquedigital.com.ar\/wp\/?p=87#article","isPartOf":{"@id":"https:\/\/enfoquedigital.com.ar\/wp\/?p=87"},"author":{"name":"admin","@id":"https:\/\/enfoquedigital.com.ar\/wp\/#\/schema\/person\/ed42bba879df991ed7ac0e1c77c55042"},"headline":"SECUESTRAN EN NUESTRA CIUDAD UN AUTOM\u00d3VIL ROBADO EN BUENOS AIRES EN EL MES DE ABRIL","datePublished":"2026-09-02T23:24:17+00:00","dateModified":"2026-09-02T23:28:23+00:00","mainEntityOfPage":{"@id":"https:\/\/enfoquedigital.com.ar\/wp\/?p=87"},"wordCount":278,"commentCount":0,"publisher":{"@id":"https:\/\/enfoquedigital.com.ar\/wp\/#organization"},"image":{"@id":"https:\/\/enfoquedigital.com.ar\/wp\/?p=87#primaryimage"},"thumbnailUrl":"https:\/\/enfoquedigital.com.ar\/wp\/wp-content\/uploads\/2026\/09\/10.jpg","keywords":["bora","DIC Curuz\u00f9","robo"],"articleSection":["Policiales"],"inLanguage":"es","potentialAction":[{"@type":"CommentAction","name":"Comment","target":["https:\/\/enfoquedigital.com.ar\/wp\/?p=87#respond"]}]},{"@type":"WebPage","@id":"https:\/\/enfoquedigital.com.ar\/wp\/?p=87","url":"https:\/\/enfoquedigital.com.ar\/wp\/?p=87","name":"SECUESTRAN EN NUESTRA CIUDAD UN AUTOM\u00d3VIL ROBADO EN BUENOS AIRES EN EL MES DE ABRIL - EnfoqueDigital","isPartOf":{"@id":"https:\/\/enfoquedigital.com.ar\/wp\/#website"},"primaryImageOfPage":{"@id":"https:\/\/enfoquedigital.com.ar\/wp\/?p=87#primaryimage"},"image":{"@id":"https:\/\/enfoquedigital.com.ar\/wp\/?p=87#primaryimage"},"thumbnailUrl":"https:\/\/enfoquedigital.com.ar\/wp\/wp-content\/uploads\/2026\/09\/10.jpg","datePublished":"2026-09-02T23:24:17+00:00","dateModified":"2026-09-02T23:28:23+00:00","breadcrumb":{"@id":"https:\/\/enfoquedigital.com.ar\/wp\/?p=87#breadcrumb"},"inLanguage":"es","potentialAction":[{"@type":"ReadAction","target":["https:\/\/enfoquedigital.com.ar\/wp\/?p=87"]}]},{"@type":"ImageObject","inLanguage":"es","@id":"https:\/\/enfoquedigital.com.ar\/wp\/?p=87#primaryimage","url":"https:\/\/enfoquedigital.com.ar\/wp\/wp-content\/uploads\/2026\/09\/10.jpg","contentUrl":"https:\/\/enfoquedigital.com.ar\/wp\/wp-content\/uploads\/2026\/09\/10.jpg","width":693,"height":540},{"@type":"BreadcrumbList","@id":"https:\/\/enfoquedigital.com.ar\/wp\/?p=87#breadcrumb","itemListElement":[{"@type":"ListItem","position":1,"name":"Portada","item":"https:\/\/enfoquedigital.com.ar\/wp"},{"@type":"ListItem","position":2,"name":"SECUESTRAN EN NUESTRA CIUDAD UN AUTOM\u00d3VIL ROBADO EN BUENOS AIRES EN EL MES DE ABRIL"}]},{"@type":"WebSite","@id":"https:\/\/enfoquedigital.com.ar\/wp\/#website","url":"https:\/\/enfoquedigital.com.ar\/wp\/","name":"EnfoqueDigital","description":"Tu Portal De Noticias","publisher":{"@id":"https:\/\/enfoquedigital.com.ar\/wp\/#organization"},"potentialAction":[{"@type":"SearchAction","target":{"@type":"EntryPoint","urlTemplate":"https:\/\/enfoquedigital.com.ar\/wp\/?s={search_term_string}"},"query-input":{"@type":"PropertyValueSpecification","valueRequired":true,"valueName":"search_term_string"}}],"inLanguage":"es"},{"@type":"Organization","@id":"https:\/\/enfoquedigital.com.ar\/wp\/#organization","name":"EnfoqueDigital","url":"https:\/\/enfoquedigital.com.ar\/wp\/","logo":{"@type":"ImageObject","inLanguage":"es","@id":"https:\/\/enfoquedigital.com.ar\/wp\/#\/schema\/logo\/image\/","url":"https:\/\/enfoquedigital.com.ar\/wp\/wp-content\/uploads\/2026\/08\/imagespng.png","contentUrl":"https:\/\/enfoquedigital.com.ar\/wp\/wp-content\/uploads\/2026\/08\/imagespng.png","width":791,"height":252,"caption":"EnfoqueDigital"},"image":{"@id":"https:\/\/enfoquedigital.com.ar\/wp\/#\/schema\/logo\/image\/"}},{"@type":"Person","@id":"https:\/\/enfoquedigital.com.ar\/wp\/#\/schema\/person\/ed42bba879df991ed7ac0e1c77c55042","name":"admin","image":{"@type":"ImageObject","inLanguage":"es","@id":"https:\/\/secure.gravatar.com\/avatar\/6bbe2b9340e7aea7346a806e34c746aeddcfcf36e2e162ec8e6b5e74f9d1497b?s=96&d=mm&r=g","url":"https:\/\/secure.gravatar.com\/avatar\/6bbe2b9340e7aea7346a806e34c746aeddcfcf36e2e162ec8e6b5e74f9d1497b?s=96&d=mm&r=g","contentUrl":"https:\/\/secure.gravatar.com\/avatar\/6bbe2b9340e7aea7346a806e34c746aeddcfcf36e2e162ec8e6b5e74f9d1497b?s=96&d=mm&r=g","caption":"admin"},"sameAs":["https:\/\/enfoquedigital.com.ar\/wp"],"url":"https:\/\/enfoquedigital.com.ar\/wp\/?author=1"}]}},"_links":{"self":[{"href":"https:\/\/enfoquedigital.com.ar\/wp\/index.php?rest_route=\/wp\/v2\/posts\/87","targetHints":{"allow":["GET"]}}],"collection":[{"href":"https:\/\/enfoquedigital.com.ar\/wp\/index.php?rest_route=\/wp\/v2\/posts"}],"about":[{"href":"https:\/\/enfoquedigital.com.ar\/wp\/index.php?rest_route=\/wp\/v2\/types\/post"}],"author":[{"embeddable":true,"href":"https:\/\/enfoquedigital.com.ar\/wp\/index.php?rest_route=\/wp\/v2\/users\/1"}],"replies":[{"embeddable":true,"href":"https:\/\/enfoquedigital.com.ar\/wp\/index.php?rest_route=%2Fwp%2Fv2%2Fcomments&post=87"}],"version-history":[{"count":2,"href":"https:\/\/enfoquedigital.com.ar\/wp\/index.php?rest_route=\/wp\/v2\/posts\/87\/revisions"}],"predecessor-version":[{"id":91,"href":"https:\/\/enfoquedigital.com.ar\/wp\/index.php?rest_route=\/wp\/v2\/posts\/87\/revisions\/91"}],"wp:featuredmedia":[{"embeddable":true,"href":"https:\/\/enfoquedigital.com.ar\/wp\/index.php?rest_route=\/wp\/v2\/media\/88"}],"wp:attachment":[{"href":"https:\/\/enfoquedigital.com.ar\/wp\/index.php?rest_route=%2Fwp%2Fv2%2Fmedia&parent=87"}],"wp:term":[{"taxonomy":"category","embeddable":true,"href":"https:\/\/enfoquedigital.com.ar\/wp\/index.php?rest_route=%2Fwp%2Fv2%2Fcategories&post=87"},{"taxonomy":"post_tag","embeddable":true,"href":"https:\/\/enfoquedigital.com.ar\/wp\/index.php?rest_route=%2Fwp%2Fv2%2Ftags&post=87"}],"curies":[{"name":"wp","href":"https:\/\/api.w.org\/{rel}","templated":true}]}}