{"id":84,"date":"2026-09-02T20:21:05","date_gmt":"2026-09-02T23:21:05","guid":{"rendered":"https:\/\/enfoquedigital.com.ar\/wp\/?p=84"},"modified":"2026-09-02T20:21:05","modified_gmt":"2026-09-02T23:21:05","slug":"celebracion-en-la-escuela-tarragosera","status":"publish","type":"post","link":"https:\/\/enfoquedigital.com.ar\/wp\/?p=84","title":{"rendered":"CELEBRACION EN LA ESCUELA TARRAGOSERA"},"content":{"rendered":"\n<p class=\"wp-block-paragraph\">En el marco del D\u00eda Mundial del Folclore, celebrado cada 22 de agosto, la Escuela Tarragosera llev\u00f3 adelante un espect\u00e1culo interno para celebrar nuestra m\u00fasica, nuestras ra\u00edces y nuestra identidad.<\/p>\n\n\n\n<p class=\"wp-block-paragraph\">La Escuela, a cargo de los profesores Rub\u00e9n Rodr\u00edguez y Jorge \u201cPelusa\u201d Canteros, desarrolla sus actividades en el Museo Tarrag\u00f3 Ros y en la Casa del Bicentenario, generando espacios para aprender, compartir y mantener viva nuestra cultura.<\/p>\n\n\n\n<p class=\"wp-block-paragraph\">La directora de Cultura y Turismo, Valeria Oria, junto a Mart\u00edn Medina, encargado de M\u00fasicos, estuvieron presentes compartiendo esta jornada y acompa\u00f1ando a profesores, alumnos y familias.<\/p>\n\n\n\n<p class=\"wp-block-paragraph\"><\/p>\n","protected":false},"excerpt":{"rendered":"<p>En el marco del D\u00eda Mundial del Folclore, celebrado cada 22 de agosto, la Escuela Tarragosera llev\u00f3 adelante un espect\u00e1culo interno para celebrar nuestra m\u00fasica, nuestras ra\u00edces y nuestra identidad. La Escuela, a cargo de los profesores Rub\u00e9n Rodr\u00edguez y Jorge \u201cPelusa\u201d Canteros, desarrolla sus actividades en el Museo Tarrag\u00f3 Ros y en la Casa [&hellip;]<\/p>\n","protected":false},"author":1,"featured_media":85,"comment_status":"open","ping_status":"open","sticky":false,"template":"","format":"standard","meta":{"footnotes":""},"categories":[6],"tags":[16,15,17],"class_list":["post-84","post","type-post","status-publish","format-standard","has-post-thumbnail","hentry","category-locales","tag-esc","tag-escuela-tarragosera","tag-tarrago"],"yoast_head":"<!-- This site is optimized with the Yoast SEO plugin v28.4 - https:\/\/yoast.com\/product\/yoast-seo-wordpress\/ -->\n<title>CELEBRACION EN LA ESCUELA TARRAGOSERA - EnfoqueDigital<\/title>\n<meta name=\"robots\" content=\"index, follow, max-snippet:-1, max-image-preview:large, max-video-preview:-1\" \/>\n<link rel=\"canonical\" href=\"https:\/\/enfoquedigital.com.ar\/wp\/?p=84\" \/>\n<meta property=\"og:locale\" content=\"es_ES\" \/>\n<meta property=\"og:type\" content=\"article\" \/>\n<meta property=\"og:title\" content=\"CELEBRACION EN LA ESCUELA TARRAGOSERA - EnfoqueDigital\" \/>\n<meta property=\"og:description\" content=\"En el marco del D\u00eda Mundial del Folclore, celebrado cada 22 de agosto, la Escuela Tarragosera llev\u00f3 adelante un espect\u00e1culo interno para celebrar nuestra m\u00fasica, nuestras ra\u00edces y nuestra identidad. La Escuela, a cargo de los profesores Rub\u00e9n Rodr\u00edguez y Jorge \u201cPelusa\u201d Canteros, desarrolla sus actividades en el Museo Tarrag\u00f3 Ros y en la Casa [&hellip;]\" \/>\n<meta property=\"og:url\" content=\"https:\/\/enfoquedigital.com.ar\/wp\/?p=84\" \/>\n<meta property=\"og:site_name\" content=\"EnfoqueDigital\" \/>\n<meta property=\"article:published_time\" content=\"2026-09-02T23:21:05+00:00\" \/>\n<meta property=\"og:image\" content=\"https:\/\/enfoquedigital.com.ar\/wp\/wp-content\/uploads\/2026\/09\/11.jpg\" \/>\n\t<meta property=\"og:image:width\" content=\"1080\" \/>\n\t<meta property=\"og:image:height\" content=\"524\" \/>\n\t<meta property=\"og:image:type\" content=\"image\/jpeg\" \/>\n<meta name=\"author\" content=\"admin\" \/>\n<meta name=\"twitter:card\" content=\"summary_large_image\" \/>\n<meta name=\"twitter:label1\" content=\"Escrito por\" \/>\n\t<meta name=\"twitter:data1\" content=\"admin\" \/>\n\t<meta name=\"twitter:label2\" content=\"Tiempo de lectura\" \/>\n\t<meta name=\"twitter:data2\" content=\"1 minuto\" \/>\n<script type=\"application\/ld+json\" class=\"yoast-schema-graph\">{\"@context\":\"https:\\\/\\\/schema.org\",\"@graph\":[{\"@type\":\"Article\",\"@id\":\"https:\\\/\\\/enfoquedigital.com.ar\\\/wp\\\/?p=84#article\",\"isPartOf\":{\"@id\":\"https:\\\/\\\/enfoquedigital.com.ar\\\/wp\\\/?p=84\"},\"author\":{\"name\":\"admin\",\"@id\":\"https:\\\/\\\/enfoquedigital.com.ar\\\/wp\\\/#\\\/schema\\\/person\\\/ed42bba879df991ed7ac0e1c77c55042\"},\"headline\":\"CELEBRACION EN LA ESCUELA TARRAGOSERA\",\"datePublished\":\"2026-09-02T23:21:05+00:00\",\"mainEntityOfPage\":{\"@id\":\"https:\\\/\\\/enfoquedigital.com.ar\\\/wp\\\/?p=84\"},\"wordCount\":107,\"commentCount\":0,\"publisher\":{\"@id\":\"https:\\\/\\\/enfoquedigital.com.ar\\\/wp\\\/#organization\"},\"image\":{\"@id\":\"https:\\\/\\\/enfoquedigital.com.ar\\\/wp\\\/?p=84#primaryimage\"},\"thumbnailUrl\":\"https:\\\/\\\/enfoquedigital.com.ar\\\/wp\\\/wp-content\\\/uploads\\\/2026\\\/09\\\/11.jpg\",\"keywords\":[\"esc\",\"escuela tarragosera\",\"tarrago\"],\"articleSection\":[\"Locales\"],\"inLanguage\":\"es\",\"potentialAction\":[{\"@type\":\"CommentAction\",\"name\":\"Comment\",\"target\":[\"https:\\\/\\\/enfoquedigital.com.ar\\\/wp\\\/?p=84#respond\"]}]},{\"@type\":\"WebPage\",\"@id\":\"https:\\\/\\\/enfoquedigital.com.ar\\\/wp\\\/?p=84\",\"url\":\"https:\\\/\\\/enfoquedigital.com.ar\\\/wp\\\/?p=84\",\"name\":\"CELEBRACION EN LA ESCUELA TARRAGOSERA - EnfoqueDigital\",\"isPartOf\":{\"@id\":\"https:\\\/\\\/enfoquedigital.com.ar\\\/wp\\\/#website\"},\"primaryImageOfPage\":{\"@id\":\"https:\\\/\\\/enfoquedigital.com.ar\\\/wp\\\/?p=84#primaryimage\"},\"image\":{\"@id\":\"https:\\\/\\\/enfoquedigital.com.ar\\\/wp\\\/?p=84#primaryimage\"},\"thumbnailUrl\":\"https:\\\/\\\/enfoquedigital.com.ar\\\/wp\\\/wp-content\\\/uploads\\\/2026\\\/09\\\/11.jpg\",\"datePublished\":\"2026-09-02T23:21:05+00:00\",\"breadcrumb\":{\"@id\":\"https:\\\/\\\/enfoquedigital.com.ar\\\/wp\\\/?p=84#breadcrumb\"},\"inLanguage\":\"es\",\"potentialAction\":[{\"@type\":\"ReadAction\",\"target\":[\"https:\\\/\\\/enfoquedigital.com.ar\\\/wp\\\/?p=84\"]}]},{\"@type\":\"ImageObject\",\"inLanguage\":\"es\",\"@id\":\"https:\\\/\\\/enfoquedigital.com.ar\\\/wp\\\/?p=84#primaryimage\",\"url\":\"https:\\\/\\\/enfoquedigital.com.ar\\\/wp\\\/wp-content\\\/uploads\\\/2026\\\/09\\\/11.jpg\",\"contentUrl\":\"https:\\\/\\\/enfoquedigital.com.ar\\\/wp\\\/wp-content\\\/uploads\\\/2026\\\/09\\\/11.jpg\",\"width\":1080,\"height\":524},{\"@type\":\"BreadcrumbList\",\"@id\":\"https:\\\/\\\/enfoquedigital.com.ar\\\/wp\\\/?p=84#breadcrumb\",\"itemListElement\":[{\"@type\":\"ListItem\",\"position\":1,\"name\":\"Portada\",\"item\":\"https:\\\/\\\/enfoquedigital.com.ar\\\/wp\"},{\"@type\":\"ListItem\",\"position\":2,\"name\":\"CELEBRACION EN LA ESCUELA TARRAGOSERA\"}]},{\"@type\":\"WebSite\",\"@id\":\"https:\\\/\\\/enfoquedigital.com.ar\\\/wp\\\/#website\",\"url\":\"https:\\\/\\\/enfoquedigital.com.ar\\\/wp\\\/\",\"name\":\"EnfoqueDigital\",\"description\":\"Tu Portal De Noticias\",\"publisher\":{\"@id\":\"https:\\\/\\\/enfoquedigital.com.ar\\\/wp\\\/#organization\"},\"potentialAction\":[{\"@type\":\"SearchAction\",\"target\":{\"@type\":\"EntryPoint\",\"urlTemplate\":\"https:\\\/\\\/enfoquedigital.com.ar\\\/wp\\\/?s={search_term_string}\"},\"query-input\":{\"@type\":\"PropertyValueSpecification\",\"valueRequired\":true,\"valueName\":\"search_term_string\"}}],\"inLanguage\":\"es\"},{\"@type\":\"Organization\",\"@id\":\"https:\\\/\\\/enfoquedigital.com.ar\\\/wp\\\/#organization\",\"name\":\"EnfoqueDigital\",\"url\":\"https:\\\/\\\/enfoquedigital.com.ar\\\/wp\\\/\",\"logo\":{\"@type\":\"ImageObject\",\"inLanguage\":\"es\",\"@id\":\"https:\\\/\\\/enfoquedigital.com.ar\\\/wp\\\/#\\\/schema\\\/logo\\\/image\\\/\",\"url\":\"https:\\\/\\\/enfoquedigital.com.ar\\\/wp\\\/wp-content\\\/uploads\\\/2026\\\/08\\\/imagespng.png\",\"contentUrl\":\"https:\\\/\\\/enfoquedigital.com.ar\\\/wp\\\/wp-content\\\/uploads\\\/2026\\\/08\\\/imagespng.png\",\"width\":791,\"height\":252,\"caption\":\"EnfoqueDigital\"},\"image\":{\"@id\":\"https:\\\/\\\/enfoquedigital.com.ar\\\/wp\\\/#\\\/schema\\\/logo\\\/image\\\/\"}},{\"@type\":\"Person\",\"@id\":\"https:\\\/\\\/enfoquedigital.com.ar\\\/wp\\\/#\\\/schema\\\/person\\\/ed42bba879df991ed7ac0e1c77c55042\",\"name\":\"admin\",\"image\":{\"@type\":\"ImageObject\",\"inLanguage\":\"es\",\"@id\":\"https:\\\/\\\/secure.gravatar.com\\\/avatar\\\/6bbe2b9340e7aea7346a806e34c746aeddcfcf36e2e162ec8e6b5e74f9d1497b?s=96&d=mm&r=g\",\"url\":\"https:\\\/\\\/secure.gravatar.com\\\/avatar\\\/6bbe2b9340e7aea7346a806e34c746aeddcfcf36e2e162ec8e6b5e74f9d1497b?s=96&d=mm&r=g\",\"contentUrl\":\"https:\\\/\\\/secure.gravatar.com\\\/avatar\\\/6bbe2b9340e7aea7346a806e34c746aeddcfcf36e2e162ec8e6b5e74f9d1497b?s=96&d=mm&r=g\",\"caption\":\"admin\"},\"sameAs\":[\"https:\\\/\\\/enfoquedigital.com.ar\\\/wp\"],\"url\":\"https:\\\/\\\/enfoquedigital.com.ar\\\/wp\\\/?author=1\"}]}<\/script>\n<!-- \/ Yoast SEO plugin. -->","yoast_head_json":{"title":"CELEBRACION EN LA ESCUELA TARRAGOSERA - EnfoqueDigital","robots":{"index":"index","follow":"follow","max-snippet":"max-snippet:-1","max-image-preview":"max-image-preview:large","max-video-preview":"max-video-preview:-1"},"canonical":"https:\/\/enfoquedigital.com.ar\/wp\/?p=84","og_locale":"es_ES","og_type":"article","og_title":"CELEBRACION EN LA ESCUELA TARRAGOSERA - EnfoqueDigital","og_description":"En el marco del D\u00eda Mundial del Folclore, celebrado cada 22 de agosto, la Escuela Tarragosera llev\u00f3 adelante un espect\u00e1culo interno para celebrar nuestra m\u00fasica, nuestras ra\u00edces y nuestra identidad. La Escuela, a cargo de los profesores Rub\u00e9n Rodr\u00edguez y Jorge \u201cPelusa\u201d Canteros, desarrolla sus actividades en el Museo Tarrag\u00f3 Ros y en la Casa [&hellip;]","og_url":"https:\/\/enfoquedigital.com.ar\/wp\/?p=84","og_site_name":"EnfoqueDigital","article_published_time":"2026-09-02T23:21:05+00:00","og_image":[{"width":1080,"height":524,"url":"https:\/\/enfoquedigital.com.ar\/wp\/wp-content\/uploads\/2026\/09\/11.jpg","type":"image\/jpeg"}],"author":"admin","twitter_card":"summary_large_image","twitter_misc":{"Escrito por":"admin","Tiempo de lectura":"1 minuto"},"schema":{"@context":"https:\/\/schema.org","@graph":[{"@type":"Article","@id":"https:\/\/enfoquedigital.com.ar\/wp\/?p=84#article","isPartOf":{"@id":"https:\/\/enfoquedigital.com.ar\/wp\/?p=84"},"author":{"name":"admin","@id":"https:\/\/enfoquedigital.com.ar\/wp\/#\/schema\/person\/ed42bba879df991ed7ac0e1c77c55042"},"headline":"CELEBRACION EN LA ESCUELA TARRAGOSERA","datePublished":"2026-09-02T23:21:05+00:00","mainEntityOfPage":{"@id":"https:\/\/enfoquedigital.com.ar\/wp\/?p=84"},"wordCount":107,"commentCount":0,"publisher":{"@id":"https:\/\/enfoquedigital.com.ar\/wp\/#organization"},"image":{"@id":"https:\/\/enfoquedigital.com.ar\/wp\/?p=84#primaryimage"},"thumbnailUrl":"https:\/\/enfoquedigital.com.ar\/wp\/wp-content\/uploads\/2026\/09\/11.jpg","keywords":["esc","escuela tarragosera","tarrago"],"articleSection":["Locales"],"inLanguage":"es","potentialAction":[{"@type":"CommentAction","name":"Comment","target":["https:\/\/enfoquedigital.com.ar\/wp\/?p=84#respond"]}]},{"@type":"WebPage","@id":"https:\/\/enfoquedigital.com.ar\/wp\/?p=84","url":"https:\/\/enfoquedigital.com.ar\/wp\/?p=84","name":"CELEBRACION EN LA ESCUELA TARRAGOSERA - EnfoqueDigital","isPartOf":{"@id":"https:\/\/enfoquedigital.com.ar\/wp\/#website"},"primaryImageOfPage":{"@id":"https:\/\/enfoquedigital.com.ar\/wp\/?p=84#primaryimage"},"image":{"@id":"https:\/\/enfoquedigital.com.ar\/wp\/?p=84#primaryimage"},"thumbnailUrl":"https:\/\/enfoquedigital.com.ar\/wp\/wp-content\/uploads\/2026\/09\/11.jpg","datePublished":"2026-09-02T23:21:05+00:00","breadcrumb":{"@id":"https:\/\/enfoquedigital.com.ar\/wp\/?p=84#breadcrumb"},"inLanguage":"es","potentialAction":[{"@type":"ReadAction","target":["https:\/\/enfoquedigital.com.ar\/wp\/?p=84"]}]},{"@type":"ImageObject","inLanguage":"es","@id":"https:\/\/enfoquedigital.com.ar\/wp\/?p=84#primaryimage","url":"https:\/\/enfoquedigital.com.ar\/wp\/wp-content\/uploads\/2026\/09\/11.jpg","contentUrl":"https:\/\/enfoquedigital.com.ar\/wp\/wp-content\/uploads\/2026\/09\/11.jpg","width":1080,"height":524},{"@type":"BreadcrumbList","@id":"https:\/\/enfoquedigital.com.ar\/wp\/?p=84#breadcrumb","itemListElement":[{"@type":"ListItem","position":1,"name":"Portada","item":"https:\/\/enfoquedigital.com.ar\/wp"},{"@type":"ListItem","position":2,"name":"CELEBRACION EN LA ESCUELA TARRAGOSERA"}]},{"@type":"WebSite","@id":"https:\/\/enfoquedigital.com.ar\/wp\/#website","url":"https:\/\/enfoquedigital.com.ar\/wp\/","name":"EnfoqueDigital","description":"Tu Portal De Noticias","publisher":{"@id":"https:\/\/enfoquedigital.com.ar\/wp\/#organization"},"potentialAction":[{"@type":"SearchAction","target":{"@type":"EntryPoint","urlTemplate":"https:\/\/enfoquedigital.com.ar\/wp\/?s={search_term_string}"},"query-input":{"@type":"PropertyValueSpecification","valueRequired":true,"valueName":"search_term_string"}}],"inLanguage":"es"},{"@type":"Organization","@id":"https:\/\/enfoquedigital.com.ar\/wp\/#organization","name":"EnfoqueDigital","url":"https:\/\/enfoquedigital.com.ar\/wp\/","logo":{"@type":"ImageObject","inLanguage":"es","@id":"https:\/\/enfoquedigital.com.ar\/wp\/#\/schema\/logo\/image\/","url":"https:\/\/enfoquedigital.com.ar\/wp\/wp-content\/uploads\/2026\/08\/imagespng.png","contentUrl":"https:\/\/enfoquedigital.com.ar\/wp\/wp-content\/uploads\/2026\/08\/imagespng.png","width":791,"height":252,"caption":"EnfoqueDigital"},"image":{"@id":"https:\/\/enfoquedigital.com.ar\/wp\/#\/schema\/logo\/image\/"}},{"@type":"Person","@id":"https:\/\/enfoquedigital.com.ar\/wp\/#\/schema\/person\/ed42bba879df991ed7ac0e1c77c55042","name":"admin","image":{"@type":"ImageObject","inLanguage":"es","@id":"https:\/\/secure.gravatar.com\/avatar\/6bbe2b9340e7aea7346a806e34c746aeddcfcf36e2e162ec8e6b5e74f9d1497b?s=96&d=mm&r=g","url":"https:\/\/secure.gravatar.com\/avatar\/6bbe2b9340e7aea7346a806e34c746aeddcfcf36e2e162ec8e6b5e74f9d1497b?s=96&d=mm&r=g","contentUrl":"https:\/\/secure.gravatar.com\/avatar\/6bbe2b9340e7aea7346a806e34c746aeddcfcf36e2e162ec8e6b5e74f9d1497b?s=96&d=mm&r=g","caption":"admin"},"sameAs":["https:\/\/enfoquedigital.com.ar\/wp"],"url":"https:\/\/enfoquedigital.com.ar\/wp\/?author=1"}]}},"_links":{"self":[{"href":"https:\/\/enfoquedigital.com.ar\/wp\/index.php?rest_route=\/wp\/v2\/posts\/84","targetHints":{"allow":["GET"]}}],"collection":[{"href":"https:\/\/enfoquedigital.com.ar\/wp\/index.php?rest_route=\/wp\/v2\/posts"}],"about":[{"href":"https:\/\/enfoquedigital.com.ar\/wp\/index.php?rest_route=\/wp\/v2\/types\/post"}],"author":[{"embeddable":true,"href":"https:\/\/enfoquedigital.com.ar\/wp\/index.php?rest_route=\/wp\/v2\/users\/1"}],"replies":[{"embeddable":true,"href":"https:\/\/enfoquedigital.com.ar\/wp\/index.php?rest_route=%2Fwp%2Fv2%2Fcomments&post=84"}],"version-history":[{"count":1,"href":"https:\/\/enfoquedigital.com.ar\/wp\/index.php?rest_route=\/wp\/v2\/posts\/84\/revisions"}],"predecessor-version":[{"id":86,"href":"https:\/\/enfoquedigital.com.ar\/wp\/index.php?rest_route=\/wp\/v2\/posts\/84\/revisions\/86"}],"wp:featuredmedia":[{"embeddable":true,"href":"https:\/\/enfoquedigital.com.ar\/wp\/index.php?rest_route=\/wp\/v2\/media\/85"}],"wp:attachment":[{"href":"https:\/\/enfoquedigital.com.ar\/wp\/index.php?rest_route=%2Fwp%2Fv2%2Fmedia&parent=84"}],"wp:term":[{"taxonomy":"category","embeddable":true,"href":"https:\/\/enfoquedigital.com.ar\/wp\/index.php?rest_route=%2Fwp%2Fv2%2Fcategories&post=84"},{"taxonomy":"post_tag","embeddable":true,"href":"https:\/\/enfoquedigital.com.ar\/wp\/index.php?rest_route=%2Fwp%2Fv2%2Ftags&post=84"}],"curies":[{"name":"wp","href":"https:\/\/api.w.org\/{rel}","templated":true}]}}