{"id":181,"date":"2026-09-04T13:58:02","date_gmt":"2026-09-04T16:58:02","guid":{"rendered":"https:\/\/enfoquedigital.com.ar\/wp\/?p=181"},"modified":"2026-09-04T15:12:35","modified_gmt":"2026-09-04T18:12:35","slug":"desarrollo-humano-y-gestion-educativa-brindaron-una-importante-charla","status":"publish","type":"post","link":"https:\/\/enfoquedigital.com.ar\/wp\/?p=181","title":{"rendered":"Desarrollo Humano y Gesti\u00f3n Educativa brindaron una importante charla"},"content":{"rendered":"\n<p class=\"wp-block-paragraph\">En el Colegio Secundario para Adolescentes y Adultos \u201cMalvinas Argentinas\u201d de nuestra ciudad se llev\u00f3 adelante una charla sobre Educaci\u00f3n Sexual Afectiva, a cargo de la Secretaria de Desarrollo Humano de la Municipalidad, Victoria Mu\u00f1oa, y articulada junto a la encargada de Gesti\u00f3n Educativa, Eugenia Fornaroli.<\/p>\n\n\n\n<pre class=\"wp-block-preformatted\"><\/pre>\n\n\n\n<!--more-->\n\n\n\n<p class=\"wp-block-paragraph\">La jornada permiti\u00f3 generar un espacio de di\u00e1logo, escucha y participaci\u00f3n con los estudiantes, abordando la educaci\u00f3n sexual desde una mirada integral, basada en el respeto, los v\u00ednculos y el cuidado.<\/p>\n\n\n\n<p class=\"wp-block-paragraph\">\u201cCon estas actividades promovemos espacios de formaci\u00f3n y acompa\u00f1amiento para que nuestros j\u00f3venes puedan acceder a informaci\u00f3n, herramientas y contenci\u00f3n en cada etapa de su desarrollo\u201d, sostuvo la Secretaria de Desarrollo Humano.<\/p>\n\n\n\n<p class=\"wp-block-paragraph\">\u201cDesde la gesti\u00f3n de la intendente Ver\u00f3nica Esp\u00edndola, continuamos articulando con las instituciones educativas para acercar propuestas que acompa\u00f1en y fortalezcan el desarrollo integral de nuestros j\u00f3venes\u201d, remarc\u00f3.<\/p>\n\n\n\n<figure class=\"wp-block-gallery has-nested-images columns-default is-cropped wp-block-gallery-1 is-layout-flex wp-block-gallery-is-layout-flex\">\n<figure class=\"wp-block-image size-large\"><img loading=\"lazy\" decoding=\"async\" width=\"1024\" height=\"648\" data-id=\"183\" src=\"https:\/\/enfoquedigital.com.ar\/wp\/wp-content\/uploads\/2026\/09\/795298245_29394656476789589_7338310398791651889_n-2-1024x648.jpg\" alt=\"\" class=\"wp-image-183\" srcset=\"https:\/\/enfoquedigital.com.ar\/wp\/wp-content\/uploads\/2026\/09\/795298245_29394656476789589_7338310398791651889_n-2-1024x648.jpg 1024w, https:\/\/enfoquedigital.com.ar\/wp\/wp-content\/uploads\/2026\/09\/795298245_29394656476789589_7338310398791651889_n-2-300x190.jpg 300w, https:\/\/enfoquedigital.com.ar\/wp\/wp-content\/uploads\/2026\/09\/795298245_29394656476789589_7338310398791651889_n-2-768x486.jpg 768w, https:\/\/enfoquedigital.com.ar\/wp\/wp-content\/uploads\/2026\/09\/795298245_29394656476789589_7338310398791651889_n-2-1536x972.jpg 1536w, https:\/\/enfoquedigital.com.ar\/wp\/wp-content\/uploads\/2026\/09\/795298245_29394656476789589_7338310398791651889_n-2.jpg 1890w\" sizes=\"auto, (max-width: 1024px) 100vw, 1024px\" \/><\/figure>\n\n\n\n<figure class=\"wp-block-image size-large\"><img loading=\"lazy\" decoding=\"async\" width=\"1024\" height=\"640\" data-id=\"184\" src=\"https:\/\/enfoquedigital.com.ar\/wp\/wp-content\/uploads\/2026\/09\/794145034_29394658263456077_2198276469677848615_n-1024x640.jpg\" alt=\"\" class=\"wp-image-184\" srcset=\"https:\/\/enfoquedigital.com.ar\/wp\/wp-content\/uploads\/2026\/09\/794145034_29394658263456077_2198276469677848615_n-1024x640.jpg 1024w, https:\/\/enfoquedigital.com.ar\/wp\/wp-content\/uploads\/2026\/09\/794145034_29394658263456077_2198276469677848615_n-300x188.jpg 300w, https:\/\/enfoquedigital.com.ar\/wp\/wp-content\/uploads\/2026\/09\/794145034_29394658263456077_2198276469677848615_n-768x480.jpg 768w, https:\/\/enfoquedigital.com.ar\/wp\/wp-content\/uploads\/2026\/09\/794145034_29394658263456077_2198276469677848615_n-1536x961.jpg 1536w, https:\/\/enfoquedigital.com.ar\/wp\/wp-content\/uploads\/2026\/09\/794145034_29394658263456077_2198276469677848615_n.jpg 1890w\" sizes=\"auto, (max-width: 1024px) 100vw, 1024px\" \/><\/figure>\n<\/figure>\n","protected":false},"excerpt":{"rendered":"<p>En el Colegio Secundario para Adolescentes y Adultos \u201cMalvinas Argentinas\u201d de nuestra ciudad se llev\u00f3 adelante una charla sobre Educaci\u00f3n Sexual Afectiva, a cargo de la Secretaria de Desarrollo Humano de la Municipalidad, Victoria Mu\u00f1oa, y articulada junto a la encargada de Gesti\u00f3n Educativa, Eugenia Fornaroli.<\/p>\n","protected":false},"author":2,"featured_media":185,"comment_status":"open","ping_status":"open","sticky":false,"template":"","format":"standard","meta":{"footnotes":""},"categories":[7],"tags":[],"class_list":["post-181","post","type-post","status-publish","format-standard","has-post-thumbnail","hentry","category-destacadas"],"yoast_head":"<!-- This site is optimized with the Yoast SEO plugin v28.4 - https:\/\/yoast.com\/product\/yoast-seo-wordpress\/ -->\n<title>Desarrollo Humano y Gesti\u00f3n Educativa brindaron una importante charla - EnfoqueDigital<\/title>\n<meta name=\"robots\" content=\"index, follow, max-snippet:-1, max-image-preview:large, max-video-preview:-1\" \/>\n<link rel=\"canonical\" href=\"https:\/\/enfoquedigital.com.ar\/wp\/?p=181\" \/>\n<meta property=\"og:locale\" content=\"es_ES\" \/>\n<meta property=\"og:type\" content=\"article\" \/>\n<meta property=\"og:title\" content=\"Desarrollo Humano y Gesti\u00f3n Educativa brindaron una importante charla - EnfoqueDigital\" \/>\n<meta property=\"og:description\" content=\"En el Colegio Secundario para Adolescentes y Adultos \u201cMalvinas Argentinas\u201d de nuestra ciudad se llev\u00f3 adelante una charla sobre Educaci\u00f3n Sexual Afectiva, a cargo de la Secretaria de Desarrollo Humano de la Municipalidad, Victoria Mu\u00f1oa, y articulada junto a la encargada de Gesti\u00f3n Educativa, Eugenia Fornaroli.\" \/>\n<meta property=\"og:url\" content=\"https:\/\/enfoquedigital.com.ar\/wp\/?p=181\" \/>\n<meta property=\"og:site_name\" content=\"EnfoqueDigital\" \/>\n<meta property=\"article:published_time\" content=\"2026-09-04T16:58:02+00:00\" \/>\n<meta property=\"article:modified_time\" content=\"2026-09-04T18:12:35+00:00\" \/>\n<meta property=\"og:image\" content=\"https:\/\/enfoquedigital.com.ar\/wp\/wp-content\/uploads\/2026\/09\/792120558_29394664226788814_1247613233555110224_n.jpg\" \/>\n\t<meta property=\"og:image:width\" content=\"1890\" \/>\n\t<meta property=\"og:image:height\" content=\"1043\" \/>\n\t<meta property=\"og:image:type\" content=\"image\/jpeg\" \/>\n<meta name=\"author\" content=\"Cavicu Canal4\" \/>\n<meta name=\"twitter:card\" content=\"summary_large_image\" \/>\n<meta name=\"twitter:label1\" content=\"Escrito por\" \/>\n\t<meta name=\"twitter:data1\" content=\"Cavicu Canal4\" \/>\n\t<meta name=\"twitter:label2\" content=\"Tiempo de lectura\" \/>\n\t<meta name=\"twitter:data2\" content=\"2 minutos\" \/>\n<script type=\"application\/ld+json\" class=\"yoast-schema-graph\">{\"@context\":\"https:\\\/\\\/schema.org\",\"@graph\":[{\"@type\":\"Article\",\"@id\":\"https:\\\/\\\/enfoquedigital.com.ar\\\/wp\\\/?p=181#article\",\"isPartOf\":{\"@id\":\"https:\\\/\\\/enfoquedigital.com.ar\\\/wp\\\/?p=181\"},\"author\":{\"name\":\"Cavicu Canal4\",\"@id\":\"https:\\\/\\\/enfoquedigital.com.ar\\\/wp\\\/#\\\/schema\\\/person\\\/61436e77b12f711b3d16f1c5dc594a4e\"},\"headline\":\"Desarrollo Humano y Gesti\u00f3n Educativa brindaron una importante charla\",\"datePublished\":\"2026-09-04T16:58:02+00:00\",\"dateModified\":\"2026-09-04T18:12:35+00:00\",\"mainEntityOfPage\":{\"@id\":\"https:\\\/\\\/enfoquedigital.com.ar\\\/wp\\\/?p=181\"},\"wordCount\":164,\"commentCount\":0,\"publisher\":{\"@id\":\"https:\\\/\\\/enfoquedigital.com.ar\\\/wp\\\/#organization\"},\"image\":{\"@id\":\"https:\\\/\\\/enfoquedigital.com.ar\\\/wp\\\/?p=181#primaryimage\"},\"thumbnailUrl\":\"https:\\\/\\\/enfoquedigital.com.ar\\\/wp\\\/wp-content\\\/uploads\\\/2026\\\/09\\\/792120558_29394664226788814_1247613233555110224_n.jpg\",\"articleSection\":[\"Destacadas\"],\"inLanguage\":\"es\",\"potentialAction\":[{\"@type\":\"CommentAction\",\"name\":\"Comment\",\"target\":[\"https:\\\/\\\/enfoquedigital.com.ar\\\/wp\\\/?p=181#respond\"]}]},{\"@type\":\"WebPage\",\"@id\":\"https:\\\/\\\/enfoquedigital.com.ar\\\/wp\\\/?p=181\",\"url\":\"https:\\\/\\\/enfoquedigital.com.ar\\\/wp\\\/?p=181\",\"name\":\"Desarrollo Humano y Gesti\u00f3n Educativa brindaron una importante charla - EnfoqueDigital\",\"isPartOf\":{\"@id\":\"https:\\\/\\\/enfoquedigital.com.ar\\\/wp\\\/#website\"},\"primaryImageOfPage\":{\"@id\":\"https:\\\/\\\/enfoquedigital.com.ar\\\/wp\\\/?p=181#primaryimage\"},\"image\":{\"@id\":\"https:\\\/\\\/enfoquedigital.com.ar\\\/wp\\\/?p=181#primaryimage\"},\"thumbnailUrl\":\"https:\\\/\\\/enfoquedigital.com.ar\\\/wp\\\/wp-content\\\/uploads\\\/2026\\\/09\\\/792120558_29394664226788814_1247613233555110224_n.jpg\",\"datePublished\":\"2026-09-04T16:58:02+00:00\",\"dateModified\":\"2026-09-04T18:12:35+00:00\",\"breadcrumb\":{\"@id\":\"https:\\\/\\\/enfoquedigital.com.ar\\\/wp\\\/?p=181#breadcrumb\"},\"inLanguage\":\"es\",\"potentialAction\":[{\"@type\":\"ReadAction\",\"target\":[\"https:\\\/\\\/enfoquedigital.com.ar\\\/wp\\\/?p=181\"]}]},{\"@type\":\"ImageObject\",\"inLanguage\":\"es\",\"@id\":\"https:\\\/\\\/enfoquedigital.com.ar\\\/wp\\\/?p=181#primaryimage\",\"url\":\"https:\\\/\\\/enfoquedigital.com.ar\\\/wp\\\/wp-content\\\/uploads\\\/2026\\\/09\\\/792120558_29394664226788814_1247613233555110224_n.jpg\",\"contentUrl\":\"https:\\\/\\\/enfoquedigital.com.ar\\\/wp\\\/wp-content\\\/uploads\\\/2026\\\/09\\\/792120558_29394664226788814_1247613233555110224_n.jpg\",\"width\":1890,\"height\":1043},{\"@type\":\"BreadcrumbList\",\"@id\":\"https:\\\/\\\/enfoquedigital.com.ar\\\/wp\\\/?p=181#breadcrumb\",\"itemListElement\":[{\"@type\":\"ListItem\",\"position\":1,\"name\":\"Portada\",\"item\":\"https:\\\/\\\/enfoquedigital.com.ar\\\/wp\"},{\"@type\":\"ListItem\",\"position\":2,\"name\":\"Desarrollo Humano y Gesti\u00f3n Educativa brindaron una importante charla\"}]},{\"@type\":\"WebSite\",\"@id\":\"https:\\\/\\\/enfoquedigital.com.ar\\\/wp\\\/#website\",\"url\":\"https:\\\/\\\/enfoquedigital.com.ar\\\/wp\\\/\",\"name\":\"EnfoqueDigital\",\"description\":\"Tu Portal De Noticias\",\"publisher\":{\"@id\":\"https:\\\/\\\/enfoquedigital.com.ar\\\/wp\\\/#organization\"},\"potentialAction\":[{\"@type\":\"SearchAction\",\"target\":{\"@type\":\"EntryPoint\",\"urlTemplate\":\"https:\\\/\\\/enfoquedigital.com.ar\\\/wp\\\/?s={search_term_string}\"},\"query-input\":{\"@type\":\"PropertyValueSpecification\",\"valueRequired\":true,\"valueName\":\"search_term_string\"}}],\"inLanguage\":\"es\"},{\"@type\":\"Organization\",\"@id\":\"https:\\\/\\\/enfoquedigital.com.ar\\\/wp\\\/#organization\",\"name\":\"EnfoqueDigital\",\"url\":\"https:\\\/\\\/enfoquedigital.com.ar\\\/wp\\\/\",\"logo\":{\"@type\":\"ImageObject\",\"inLanguage\":\"es\",\"@id\":\"https:\\\/\\\/enfoquedigital.com.ar\\\/wp\\\/#\\\/schema\\\/logo\\\/image\\\/\",\"url\":\"https:\\\/\\\/enfoquedigital.com.ar\\\/wp\\\/wp-content\\\/uploads\\\/2026\\\/08\\\/imagespng.png\",\"contentUrl\":\"https:\\\/\\\/enfoquedigital.com.ar\\\/wp\\\/wp-content\\\/uploads\\\/2026\\\/08\\\/imagespng.png\",\"width\":791,\"height\":252,\"caption\":\"EnfoqueDigital\"},\"image\":{\"@id\":\"https:\\\/\\\/enfoquedigital.com.ar\\\/wp\\\/#\\\/schema\\\/logo\\\/image\\\/\"}},{\"@type\":\"Person\",\"@id\":\"https:\\\/\\\/enfoquedigital.com.ar\\\/wp\\\/#\\\/schema\\\/person\\\/61436e77b12f711b3d16f1c5dc594a4e\",\"name\":\"Cavicu Canal4\",\"image\":{\"@type\":\"ImageObject\",\"inLanguage\":\"es\",\"@id\":\"https:\\\/\\\/secure.gravatar.com\\\/avatar\\\/22f6db11c7f75b088c983d8b68837dcd4da7d956bc71ce6e9118ca044153e84e?s=96&d=mm&r=g\",\"url\":\"https:\\\/\\\/secure.gravatar.com\\\/avatar\\\/22f6db11c7f75b088c983d8b68837dcd4da7d956bc71ce6e9118ca044153e84e?s=96&d=mm&r=g\",\"contentUrl\":\"https:\\\/\\\/secure.gravatar.com\\\/avatar\\\/22f6db11c7f75b088c983d8b68837dcd4da7d956bc71ce6e9118ca044153e84e?s=96&d=mm&r=g\",\"caption\":\"Cavicu Canal4\"},\"url\":\"https:\\\/\\\/enfoquedigital.com.ar\\\/wp\\\/?author=2\"}]}<\/script>\n<!-- \/ Yoast SEO plugin. -->","yoast_head_json":{"title":"Desarrollo Humano y Gesti\u00f3n Educativa brindaron una importante charla - EnfoqueDigital","robots":{"index":"index","follow":"follow","max-snippet":"max-snippet:-1","max-image-preview":"max-image-preview:large","max-video-preview":"max-video-preview:-1"},"canonical":"https:\/\/enfoquedigital.com.ar\/wp\/?p=181","og_locale":"es_ES","og_type":"article","og_title":"Desarrollo Humano y Gesti\u00f3n Educativa brindaron una importante charla - EnfoqueDigital","og_description":"En el Colegio Secundario para Adolescentes y Adultos \u201cMalvinas Argentinas\u201d de nuestra ciudad se llev\u00f3 adelante una charla sobre Educaci\u00f3n Sexual Afectiva, a cargo de la Secretaria de Desarrollo Humano de la Municipalidad, Victoria Mu\u00f1oa, y articulada junto a la encargada de Gesti\u00f3n Educativa, Eugenia Fornaroli.","og_url":"https:\/\/enfoquedigital.com.ar\/wp\/?p=181","og_site_name":"EnfoqueDigital","article_published_time":"2026-09-04T16:58:02+00:00","article_modified_time":"2026-09-04T18:12:35+00:00","og_image":[{"width":1890,"height":1043,"url":"https:\/\/enfoquedigital.com.ar\/wp\/wp-content\/uploads\/2026\/09\/792120558_29394664226788814_1247613233555110224_n.jpg","type":"image\/jpeg"}],"author":"Cavicu Canal4","twitter_card":"summary_large_image","twitter_misc":{"Escrito por":"Cavicu Canal4","Tiempo de lectura":"2 minutos"},"schema":{"@context":"https:\/\/schema.org","@graph":[{"@type":"Article","@id":"https:\/\/enfoquedigital.com.ar\/wp\/?p=181#article","isPartOf":{"@id":"https:\/\/enfoquedigital.com.ar\/wp\/?p=181"},"author":{"name":"Cavicu Canal4","@id":"https:\/\/enfoquedigital.com.ar\/wp\/#\/schema\/person\/61436e77b12f711b3d16f1c5dc594a4e"},"headline":"Desarrollo Humano y Gesti\u00f3n Educativa brindaron una importante charla","datePublished":"2026-09-04T16:58:02+00:00","dateModified":"2026-09-04T18:12:35+00:00","mainEntityOfPage":{"@id":"https:\/\/enfoquedigital.com.ar\/wp\/?p=181"},"wordCount":164,"commentCount":0,"publisher":{"@id":"https:\/\/enfoquedigital.com.ar\/wp\/#organization"},"image":{"@id":"https:\/\/enfoquedigital.com.ar\/wp\/?p=181#primaryimage"},"thumbnailUrl":"https:\/\/enfoquedigital.com.ar\/wp\/wp-content\/uploads\/2026\/09\/792120558_29394664226788814_1247613233555110224_n.jpg","articleSection":["Destacadas"],"inLanguage":"es","potentialAction":[{"@type":"CommentAction","name":"Comment","target":["https:\/\/enfoquedigital.com.ar\/wp\/?p=181#respond"]}]},{"@type":"WebPage","@id":"https:\/\/enfoquedigital.com.ar\/wp\/?p=181","url":"https:\/\/enfoquedigital.com.ar\/wp\/?p=181","name":"Desarrollo Humano y Gesti\u00f3n Educativa brindaron una importante charla - EnfoqueDigital","isPartOf":{"@id":"https:\/\/enfoquedigital.com.ar\/wp\/#website"},"primaryImageOfPage":{"@id":"https:\/\/enfoquedigital.com.ar\/wp\/?p=181#primaryimage"},"image":{"@id":"https:\/\/enfoquedigital.com.ar\/wp\/?p=181#primaryimage"},"thumbnailUrl":"https:\/\/enfoquedigital.com.ar\/wp\/wp-content\/uploads\/2026\/09\/792120558_29394664226788814_1247613233555110224_n.jpg","datePublished":"2026-09-04T16:58:02+00:00","dateModified":"2026-09-04T18:12:35+00:00","breadcrumb":{"@id":"https:\/\/enfoquedigital.com.ar\/wp\/?p=181#breadcrumb"},"inLanguage":"es","potentialAction":[{"@type":"ReadAction","target":["https:\/\/enfoquedigital.com.ar\/wp\/?p=181"]}]},{"@type":"ImageObject","inLanguage":"es","@id":"https:\/\/enfoquedigital.com.ar\/wp\/?p=181#primaryimage","url":"https:\/\/enfoquedigital.com.ar\/wp\/wp-content\/uploads\/2026\/09\/792120558_29394664226788814_1247613233555110224_n.jpg","contentUrl":"https:\/\/enfoquedigital.com.ar\/wp\/wp-content\/uploads\/2026\/09\/792120558_29394664226788814_1247613233555110224_n.jpg","width":1890,"height":1043},{"@type":"BreadcrumbList","@id":"https:\/\/enfoquedigital.com.ar\/wp\/?p=181#breadcrumb","itemListElement":[{"@type":"ListItem","position":1,"name":"Portada","item":"https:\/\/enfoquedigital.com.ar\/wp"},{"@type":"ListItem","position":2,"name":"Desarrollo Humano y Gesti\u00f3n Educativa brindaron una importante charla"}]},{"@type":"WebSite","@id":"https:\/\/enfoquedigital.com.ar\/wp\/#website","url":"https:\/\/enfoquedigital.com.ar\/wp\/","name":"EnfoqueDigital","description":"Tu Portal De Noticias","publisher":{"@id":"https:\/\/enfoquedigital.com.ar\/wp\/#organization"},"potentialAction":[{"@type":"SearchAction","target":{"@type":"EntryPoint","urlTemplate":"https:\/\/enfoquedigital.com.ar\/wp\/?s={search_term_string}"},"query-input":{"@type":"PropertyValueSpecification","valueRequired":true,"valueName":"search_term_string"}}],"inLanguage":"es"},{"@type":"Organization","@id":"https:\/\/enfoquedigital.com.ar\/wp\/#organization","name":"EnfoqueDigital","url":"https:\/\/enfoquedigital.com.ar\/wp\/","logo":{"@type":"ImageObject","inLanguage":"es","@id":"https:\/\/enfoquedigital.com.ar\/wp\/#\/schema\/logo\/image\/","url":"https:\/\/enfoquedigital.com.ar\/wp\/wp-content\/uploads\/2026\/08\/imagespng.png","contentUrl":"https:\/\/enfoquedigital.com.ar\/wp\/wp-content\/uploads\/2026\/08\/imagespng.png","width":791,"height":252,"caption":"EnfoqueDigital"},"image":{"@id":"https:\/\/enfoquedigital.com.ar\/wp\/#\/schema\/logo\/image\/"}},{"@type":"Person","@id":"https:\/\/enfoquedigital.com.ar\/wp\/#\/schema\/person\/61436e77b12f711b3d16f1c5dc594a4e","name":"Cavicu Canal4","image":{"@type":"ImageObject","inLanguage":"es","@id":"https:\/\/secure.gravatar.com\/avatar\/22f6db11c7f75b088c983d8b68837dcd4da7d956bc71ce6e9118ca044153e84e?s=96&d=mm&r=g","url":"https:\/\/secure.gravatar.com\/avatar\/22f6db11c7f75b088c983d8b68837dcd4da7d956bc71ce6e9118ca044153e84e?s=96&d=mm&r=g","contentUrl":"https:\/\/secure.gravatar.com\/avatar\/22f6db11c7f75b088c983d8b68837dcd4da7d956bc71ce6e9118ca044153e84e?s=96&d=mm&r=g","caption":"Cavicu Canal4"},"url":"https:\/\/enfoquedigital.com.ar\/wp\/?author=2"}]}},"_links":{"self":[{"href":"https:\/\/enfoquedigital.com.ar\/wp\/index.php?rest_route=\/wp\/v2\/posts\/181","targetHints":{"allow":["GET"]}}],"collection":[{"href":"https:\/\/enfoquedigital.com.ar\/wp\/index.php?rest_route=\/wp\/v2\/posts"}],"about":[{"href":"https:\/\/enfoquedigital.com.ar\/wp\/index.php?rest_route=\/wp\/v2\/types\/post"}],"author":[{"embeddable":true,"href":"https:\/\/enfoquedigital.com.ar\/wp\/index.php?rest_route=\/wp\/v2\/users\/2"}],"replies":[{"embeddable":true,"href":"https:\/\/enfoquedigital.com.ar\/wp\/index.php?rest_route=%2Fwp%2Fv2%2Fcomments&post=181"}],"version-history":[{"count":2,"href":"https:\/\/enfoquedigital.com.ar\/wp\/index.php?rest_route=\/wp\/v2\/posts\/181\/revisions"}],"predecessor-version":[{"id":188,"href":"https:\/\/enfoquedigital.com.ar\/wp\/index.php?rest_route=\/wp\/v2\/posts\/181\/revisions\/188"}],"wp:featuredmedia":[{"embeddable":true,"href":"https:\/\/enfoquedigital.com.ar\/wp\/index.php?rest_route=\/wp\/v2\/media\/185"}],"wp:attachment":[{"href":"https:\/\/enfoquedigital.com.ar\/wp\/index.php?rest_route=%2Fwp%2Fv2%2Fmedia&parent=181"}],"wp:term":[{"taxonomy":"category","embeddable":true,"href":"https:\/\/enfoquedigital.com.ar\/wp\/index.php?rest_route=%2Fwp%2Fv2%2Fcategories&post=181"},{"taxonomy":"post_tag","embeddable":true,"href":"https:\/\/enfoquedigital.com.ar\/wp\/index.php?rest_route=%2Fwp%2Fv2%2Ftags&post=181"}],"curies":[{"name":"wp","href":"https:\/\/api.w.org\/{rel}","templated":true}]}}