{"id":119,"date":"2026-09-02T20:50:12","date_gmt":"2026-09-02T23:50:12","guid":{"rendered":"https:\/\/enfoquedigital.com.ar\/wp\/?p=119"},"modified":"2026-09-02T21:00:40","modified_gmt":"2026-09-03T00:00:40","slug":"veronica-espindola-reunio-a-su-gabinete-presento-a-nuevos-integrantes-e-hizo-una-fuerte-bajada-a-su-equipo-de-trabajo-nada-de-individualismos","status":"publish","type":"post","link":"https:\/\/enfoquedigital.com.ar\/wp\/?p=119","title":{"rendered":"VER\u00d3NICA ESP\u00cdNDOLA REUNI\u00d3 A SU GABINETE, PRESENT\u00d3 A NUEVOS INTEGRANTES E HIZO UNA FUERTE BAJADA A SU EQUIPO DE TRABAJO: \u201cNADA DE INDIVIDUALISMOS\u201d"},"content":{"rendered":"\n<p class=\"wp-block-paragraph\">La Intendente Municipal encabez\u00f3 en las \u00faltimas horas una reuni\u00f3n de gabinete donde puntualizo en distintas cuestiones relacionadas a la gesti\u00f3n e hizo una serie de bajadas de l\u00edneas a su grupo de trabajo y colaboradores.<\/p>\n\n\n\n<p class=\"wp-block-paragraph\">\u201cNada de individualismos, trabajo y trabajo, todos juntos\u201d, habr\u00eda lanzado la jefe comunal seg\u00fan pudo saber Enfoque Digital.<\/p>\n\n\n\n<!--more-->\n\n\n\n<p class=\"wp-block-paragraph\">En este marco, Esp\u00edndola present\u00f3 a nuevos integrantes del gabinete, algunos que se incorporan, otros que vuelven y algunos que ya tienen una permanencia, pero aparecen con nuevos roles.<\/p>\n\n\n\n<p class=\"wp-block-paragraph\">De acuerdo a lo informado a este medio, Juan Alfredo Duarte, un Suboficial Mayor (Retirado) de Gendarmer\u00eda Nacional, asumi\u00f3 como Subdirector de Transito. Mientras que la ex Concejal Gabriela Crespi tendr\u00e1 a su cargo el nuevo programa de recolecci\u00f3n diferenciada de residuos que ser\u00e1 lanzado pr\u00f3ximamente. Por otra parte, el Licenciado Daniel Landro estar\u00e1 al frente de la Direcci\u00f3n de Pol\u00edtica Barrial; mientras que Mat\u00edas Romero dirigir\u00e1 el \u00e1rea de cuidado patrimonial y el ex Director de Deportes Daniel Ojeda ocupar\u00e1 una nueva \u00e1rea relacionada a Culto.<\/p>\n","protected":false},"excerpt":{"rendered":"<p>La Intendente Municipal encabez\u00f3 en las \u00faltimas horas una reuni\u00f3n de gabinete donde puntualizo en distintas cuestiones relacionadas a la gesti\u00f3n e hizo una serie de bajadas de l\u00edneas a su grupo de trabajo y colaboradores. \u201cNada de individualismos, trabajo y trabajo, todos juntos\u201d, habr\u00eda lanzado la jefe comunal seg\u00fan pudo saber Enfoque Digital.<\/p>\n","protected":false},"author":1,"featured_media":120,"comment_status":"open","ping_status":"open","sticky":false,"template":"","format":"standard","meta":{"footnotes":""},"categories":[7,6],"tags":[31,32,29,25,30],"class_list":["post-119","post","type-post","status-publish","format-standard","has-post-thumbnail","hentry","category-destacadas","category-locales","tag-espindola","tag-gabinete","tag-intendente","tag-municipio","tag-vero"],"yoast_head":"<!-- This site is optimized with the Yoast SEO plugin v28.4 - https:\/\/yoast.com\/product\/yoast-seo-wordpress\/ -->\n<title>VER\u00d3NICA ESP\u00cdNDOLA REUNI\u00d3 A SU GABINETE, PRESENT\u00d3 A NUEVOS INTEGRANTES E HIZO UNA FUERTE BAJADA A SU EQUIPO DE TRABAJO: \u201cNADA DE INDIVIDUALISMOS\u201d - EnfoqueDigital<\/title>\n<meta name=\"robots\" content=\"index, follow, max-snippet:-1, max-image-preview:large, max-video-preview:-1\" \/>\n<link rel=\"canonical\" href=\"https:\/\/enfoquedigital.com.ar\/wp\/?p=119\" \/>\n<meta property=\"og:locale\" content=\"es_ES\" \/>\n<meta property=\"og:type\" content=\"article\" \/>\n<meta property=\"og:title\" content=\"VER\u00d3NICA ESP\u00cdNDOLA REUNI\u00d3 A SU GABINETE, PRESENT\u00d3 A NUEVOS INTEGRANTES E HIZO UNA FUERTE BAJADA A SU EQUIPO DE TRABAJO: \u201cNADA DE INDIVIDUALISMOS\u201d - EnfoqueDigital\" \/>\n<meta property=\"og:description\" content=\"La Intendente Municipal encabez\u00f3 en las \u00faltimas horas una reuni\u00f3n de gabinete donde puntualizo en distintas cuestiones relacionadas a la gesti\u00f3n e hizo una serie de bajadas de l\u00edneas a su grupo de trabajo y colaboradores. \u201cNada de individualismos, trabajo y trabajo, todos juntos\u201d, habr\u00eda lanzado la jefe comunal seg\u00fan pudo saber Enfoque Digital.\" \/>\n<meta property=\"og:url\" content=\"https:\/\/enfoquedigital.com.ar\/wp\/?p=119\" \/>\n<meta property=\"og:site_name\" content=\"EnfoqueDigital\" \/>\n<meta property=\"article:published_time\" content=\"2026-09-02T23:50:12+00:00\" \/>\n<meta property=\"article:modified_time\" content=\"2026-09-03T00:00:40+00:00\" \/>\n<meta property=\"og:image\" content=\"https:\/\/enfoquedigital.com.ar\/wp\/wp-content\/uploads\/2026\/09\/1.jpg\" \/>\n\t<meta property=\"og:image:width\" content=\"640\" \/>\n\t<meta property=\"og:image:height\" content=\"515\" \/>\n\t<meta property=\"og:image:type\" content=\"image\/jpeg\" \/>\n<meta name=\"author\" content=\"admin\" \/>\n<meta name=\"twitter:card\" content=\"summary_large_image\" \/>\n<meta name=\"twitter:label1\" content=\"Escrito por\" \/>\n\t<meta name=\"twitter:data1\" content=\"admin\" \/>\n\t<meta name=\"twitter:label2\" content=\"Tiempo de lectura\" \/>\n\t<meta name=\"twitter:data2\" content=\"1 minuto\" \/>\n<script type=\"application\/ld+json\" class=\"yoast-schema-graph\">{\"@context\":\"https:\\\/\\\/schema.org\",\"@graph\":[{\"@type\":\"Article\",\"@id\":\"https:\\\/\\\/enfoquedigital.com.ar\\\/wp\\\/?p=119#article\",\"isPartOf\":{\"@id\":\"https:\\\/\\\/enfoquedigital.com.ar\\\/wp\\\/?p=119\"},\"author\":{\"name\":\"admin\",\"@id\":\"https:\\\/\\\/enfoquedigital.com.ar\\\/wp\\\/#\\\/schema\\\/person\\\/ed42bba879df991ed7ac0e1c77c55042\"},\"headline\":\"VER\u00d3NICA ESP\u00cdNDOLA REUNI\u00d3 A SU GABINETE, PRESENT\u00d3 A NUEVOS INTEGRANTES E HIZO UNA FUERTE BAJADA A SU EQUIPO DE TRABAJO: \u201cNADA DE INDIVIDUALISMOS\u201d\",\"datePublished\":\"2026-09-02T23:50:12+00:00\",\"dateModified\":\"2026-09-03T00:00:40+00:00\",\"mainEntityOfPage\":{\"@id\":\"https:\\\/\\\/enfoquedigital.com.ar\\\/wp\\\/?p=119\"},\"wordCount\":207,\"commentCount\":0,\"publisher\":{\"@id\":\"https:\\\/\\\/enfoquedigital.com.ar\\\/wp\\\/#organization\"},\"image\":{\"@id\":\"https:\\\/\\\/enfoquedigital.com.ar\\\/wp\\\/?p=119#primaryimage\"},\"thumbnailUrl\":\"https:\\\/\\\/enfoquedigital.com.ar\\\/wp\\\/wp-content\\\/uploads\\\/2026\\\/09\\\/1.jpg\",\"keywords\":[\"espindola\",\"gabinete\",\"intendente\",\"municipio\",\"vero\"],\"articleSection\":[\"Destacadas\",\"Locales\"],\"inLanguage\":\"es\",\"potentialAction\":[{\"@type\":\"CommentAction\",\"name\":\"Comment\",\"target\":[\"https:\\\/\\\/enfoquedigital.com.ar\\\/wp\\\/?p=119#respond\"]}]},{\"@type\":\"WebPage\",\"@id\":\"https:\\\/\\\/enfoquedigital.com.ar\\\/wp\\\/?p=119\",\"url\":\"https:\\\/\\\/enfoquedigital.com.ar\\\/wp\\\/?p=119\",\"name\":\"VER\u00d3NICA ESP\u00cdNDOLA REUNI\u00d3 A SU GABINETE, PRESENT\u00d3 A NUEVOS INTEGRANTES E HIZO UNA FUERTE BAJADA A SU EQUIPO DE TRABAJO: \u201cNADA DE INDIVIDUALISMOS\u201d - EnfoqueDigital\",\"isPartOf\":{\"@id\":\"https:\\\/\\\/enfoquedigital.com.ar\\\/wp\\\/#website\"},\"primaryImageOfPage\":{\"@id\":\"https:\\\/\\\/enfoquedigital.com.ar\\\/wp\\\/?p=119#primaryimage\"},\"image\":{\"@id\":\"https:\\\/\\\/enfoquedigital.com.ar\\\/wp\\\/?p=119#primaryimage\"},\"thumbnailUrl\":\"https:\\\/\\\/enfoquedigital.com.ar\\\/wp\\\/wp-content\\\/uploads\\\/2026\\\/09\\\/1.jpg\",\"datePublished\":\"2026-09-02T23:50:12+00:00\",\"dateModified\":\"2026-09-03T00:00:40+00:00\",\"breadcrumb\":{\"@id\":\"https:\\\/\\\/enfoquedigital.com.ar\\\/wp\\\/?p=119#breadcrumb\"},\"inLanguage\":\"es\",\"potentialAction\":[{\"@type\":\"ReadAction\",\"target\":[\"https:\\\/\\\/enfoquedigital.com.ar\\\/wp\\\/?p=119\"]}]},{\"@type\":\"ImageObject\",\"inLanguage\":\"es\",\"@id\":\"https:\\\/\\\/enfoquedigital.com.ar\\\/wp\\\/?p=119#primaryimage\",\"url\":\"https:\\\/\\\/enfoquedigital.com.ar\\\/wp\\\/wp-content\\\/uploads\\\/2026\\\/09\\\/1.jpg\",\"contentUrl\":\"https:\\\/\\\/enfoquedigital.com.ar\\\/wp\\\/wp-content\\\/uploads\\\/2026\\\/09\\\/1.jpg\",\"width\":640,\"height\":515,\"caption\":\"Veronica Espindola - Intendente de Curuz\u00fa Cuati\u00e1\"},{\"@type\":\"BreadcrumbList\",\"@id\":\"https:\\\/\\\/enfoquedigital.com.ar\\\/wp\\\/?p=119#breadcrumb\",\"itemListElement\":[{\"@type\":\"ListItem\",\"position\":1,\"name\":\"Portada\",\"item\":\"https:\\\/\\\/enfoquedigital.com.ar\\\/wp\"},{\"@type\":\"ListItem\",\"position\":2,\"name\":\"VER\u00d3NICA ESP\u00cdNDOLA REUNI\u00d3 A SU GABINETE, PRESENT\u00d3 A NUEVOS INTEGRANTES E HIZO UNA FUERTE BAJADA A SU EQUIPO DE TRABAJO: \u201cNADA DE INDIVIDUALISMOS\u201d\"}]},{\"@type\":\"WebSite\",\"@id\":\"https:\\\/\\\/enfoquedigital.com.ar\\\/wp\\\/#website\",\"url\":\"https:\\\/\\\/enfoquedigital.com.ar\\\/wp\\\/\",\"name\":\"EnfoqueDigital\",\"description\":\"Tu Portal De Noticias\",\"publisher\":{\"@id\":\"https:\\\/\\\/enfoquedigital.com.ar\\\/wp\\\/#organization\"},\"potentialAction\":[{\"@type\":\"SearchAction\",\"target\":{\"@type\":\"EntryPoint\",\"urlTemplate\":\"https:\\\/\\\/enfoquedigital.com.ar\\\/wp\\\/?s={search_term_string}\"},\"query-input\":{\"@type\":\"PropertyValueSpecification\",\"valueRequired\":true,\"valueName\":\"search_term_string\"}}],\"inLanguage\":\"es\"},{\"@type\":\"Organization\",\"@id\":\"https:\\\/\\\/enfoquedigital.com.ar\\\/wp\\\/#organization\",\"name\":\"EnfoqueDigital\",\"url\":\"https:\\\/\\\/enfoquedigital.com.ar\\\/wp\\\/\",\"logo\":{\"@type\":\"ImageObject\",\"inLanguage\":\"es\",\"@id\":\"https:\\\/\\\/enfoquedigital.com.ar\\\/wp\\\/#\\\/schema\\\/logo\\\/image\\\/\",\"url\":\"https:\\\/\\\/enfoquedigital.com.ar\\\/wp\\\/wp-content\\\/uploads\\\/2026\\\/08\\\/imagespng.png\",\"contentUrl\":\"https:\\\/\\\/enfoquedigital.com.ar\\\/wp\\\/wp-content\\\/uploads\\\/2026\\\/08\\\/imagespng.png\",\"width\":791,\"height\":252,\"caption\":\"EnfoqueDigital\"},\"image\":{\"@id\":\"https:\\\/\\\/enfoquedigital.com.ar\\\/wp\\\/#\\\/schema\\\/logo\\\/image\\\/\"}},{\"@type\":\"Person\",\"@id\":\"https:\\\/\\\/enfoquedigital.com.ar\\\/wp\\\/#\\\/schema\\\/person\\\/ed42bba879df991ed7ac0e1c77c55042\",\"name\":\"admin\",\"image\":{\"@type\":\"ImageObject\",\"inLanguage\":\"es\",\"@id\":\"https:\\\/\\\/secure.gravatar.com\\\/avatar\\\/6bbe2b9340e7aea7346a806e34c746aeddcfcf36e2e162ec8e6b5e74f9d1497b?s=96&d=mm&r=g\",\"url\":\"https:\\\/\\\/secure.gravatar.com\\\/avatar\\\/6bbe2b9340e7aea7346a806e34c746aeddcfcf36e2e162ec8e6b5e74f9d1497b?s=96&d=mm&r=g\",\"contentUrl\":\"https:\\\/\\\/secure.gravatar.com\\\/avatar\\\/6bbe2b9340e7aea7346a806e34c746aeddcfcf36e2e162ec8e6b5e74f9d1497b?s=96&d=mm&r=g\",\"caption\":\"admin\"},\"sameAs\":[\"https:\\\/\\\/enfoquedigital.com.ar\\\/wp\"],\"url\":\"https:\\\/\\\/enfoquedigital.com.ar\\\/wp\\\/?author=1\"}]}<\/script>\n<!-- \/ Yoast SEO plugin. -->","yoast_head_json":{"title":"VER\u00d3NICA ESP\u00cdNDOLA REUNI\u00d3 A SU GABINETE, PRESENT\u00d3 A NUEVOS INTEGRANTES E HIZO UNA FUERTE BAJADA A SU EQUIPO DE TRABAJO: \u201cNADA DE INDIVIDUALISMOS\u201d - EnfoqueDigital","robots":{"index":"index","follow":"follow","max-snippet":"max-snippet:-1","max-image-preview":"max-image-preview:large","max-video-preview":"max-video-preview:-1"},"canonical":"https:\/\/enfoquedigital.com.ar\/wp\/?p=119","og_locale":"es_ES","og_type":"article","og_title":"VER\u00d3NICA ESP\u00cdNDOLA REUNI\u00d3 A SU GABINETE, PRESENT\u00d3 A NUEVOS INTEGRANTES E HIZO UNA FUERTE BAJADA A SU EQUIPO DE TRABAJO: \u201cNADA DE INDIVIDUALISMOS\u201d - EnfoqueDigital","og_description":"La Intendente Municipal encabez\u00f3 en las \u00faltimas horas una reuni\u00f3n de gabinete donde puntualizo en distintas cuestiones relacionadas a la gesti\u00f3n e hizo una serie de bajadas de l\u00edneas a su grupo de trabajo y colaboradores. \u201cNada de individualismos, trabajo y trabajo, todos juntos\u201d, habr\u00eda lanzado la jefe comunal seg\u00fan pudo saber Enfoque Digital.","og_url":"https:\/\/enfoquedigital.com.ar\/wp\/?p=119","og_site_name":"EnfoqueDigital","article_published_time":"2026-09-02T23:50:12+00:00","article_modified_time":"2026-09-03T00:00:40+00:00","og_image":[{"width":640,"height":515,"url":"https:\/\/enfoquedigital.com.ar\/wp\/wp-content\/uploads\/2026\/09\/1.jpg","type":"image\/jpeg"}],"author":"admin","twitter_card":"summary_large_image","twitter_misc":{"Escrito por":"admin","Tiempo de lectura":"1 minuto"},"schema":{"@context":"https:\/\/schema.org","@graph":[{"@type":"Article","@id":"https:\/\/enfoquedigital.com.ar\/wp\/?p=119#article","isPartOf":{"@id":"https:\/\/enfoquedigital.com.ar\/wp\/?p=119"},"author":{"name":"admin","@id":"https:\/\/enfoquedigital.com.ar\/wp\/#\/schema\/person\/ed42bba879df991ed7ac0e1c77c55042"},"headline":"VER\u00d3NICA ESP\u00cdNDOLA REUNI\u00d3 A SU GABINETE, PRESENT\u00d3 A NUEVOS INTEGRANTES E HIZO UNA FUERTE BAJADA A SU EQUIPO DE TRABAJO: \u201cNADA DE INDIVIDUALISMOS\u201d","datePublished":"2026-09-02T23:50:12+00:00","dateModified":"2026-09-03T00:00:40+00:00","mainEntityOfPage":{"@id":"https:\/\/enfoquedigital.com.ar\/wp\/?p=119"},"wordCount":207,"commentCount":0,"publisher":{"@id":"https:\/\/enfoquedigital.com.ar\/wp\/#organization"},"image":{"@id":"https:\/\/enfoquedigital.com.ar\/wp\/?p=119#primaryimage"},"thumbnailUrl":"https:\/\/enfoquedigital.com.ar\/wp\/wp-content\/uploads\/2026\/09\/1.jpg","keywords":["espindola","gabinete","intendente","municipio","vero"],"articleSection":["Destacadas","Locales"],"inLanguage":"es","potentialAction":[{"@type":"CommentAction","name":"Comment","target":["https:\/\/enfoquedigital.com.ar\/wp\/?p=119#respond"]}]},{"@type":"WebPage","@id":"https:\/\/enfoquedigital.com.ar\/wp\/?p=119","url":"https:\/\/enfoquedigital.com.ar\/wp\/?p=119","name":"VER\u00d3NICA ESP\u00cdNDOLA REUNI\u00d3 A SU GABINETE, PRESENT\u00d3 A NUEVOS INTEGRANTES E HIZO UNA FUERTE BAJADA A SU EQUIPO DE TRABAJO: \u201cNADA DE INDIVIDUALISMOS\u201d - EnfoqueDigital","isPartOf":{"@id":"https:\/\/enfoquedigital.com.ar\/wp\/#website"},"primaryImageOfPage":{"@id":"https:\/\/enfoquedigital.com.ar\/wp\/?p=119#primaryimage"},"image":{"@id":"https:\/\/enfoquedigital.com.ar\/wp\/?p=119#primaryimage"},"thumbnailUrl":"https:\/\/enfoquedigital.com.ar\/wp\/wp-content\/uploads\/2026\/09\/1.jpg","datePublished":"2026-09-02T23:50:12+00:00","dateModified":"2026-09-03T00:00:40+00:00","breadcrumb":{"@id":"https:\/\/enfoquedigital.com.ar\/wp\/?p=119#breadcrumb"},"inLanguage":"es","potentialAction":[{"@type":"ReadAction","target":["https:\/\/enfoquedigital.com.ar\/wp\/?p=119"]}]},{"@type":"ImageObject","inLanguage":"es","@id":"https:\/\/enfoquedigital.com.ar\/wp\/?p=119#primaryimage","url":"https:\/\/enfoquedigital.com.ar\/wp\/wp-content\/uploads\/2026\/09\/1.jpg","contentUrl":"https:\/\/enfoquedigital.com.ar\/wp\/wp-content\/uploads\/2026\/09\/1.jpg","width":640,"height":515,"caption":"Veronica Espindola - Intendente de Curuz\u00fa Cuati\u00e1"},{"@type":"BreadcrumbList","@id":"https:\/\/enfoquedigital.com.ar\/wp\/?p=119#breadcrumb","itemListElement":[{"@type":"ListItem","position":1,"name":"Portada","item":"https:\/\/enfoquedigital.com.ar\/wp"},{"@type":"ListItem","position":2,"name":"VER\u00d3NICA ESP\u00cdNDOLA REUNI\u00d3 A SU GABINETE, PRESENT\u00d3 A NUEVOS INTEGRANTES E HIZO UNA FUERTE BAJADA A SU EQUIPO DE TRABAJO: \u201cNADA DE INDIVIDUALISMOS\u201d"}]},{"@type":"WebSite","@id":"https:\/\/enfoquedigital.com.ar\/wp\/#website","url":"https:\/\/enfoquedigital.com.ar\/wp\/","name":"EnfoqueDigital","description":"Tu Portal De Noticias","publisher":{"@id":"https:\/\/enfoquedigital.com.ar\/wp\/#organization"},"potentialAction":[{"@type":"SearchAction","target":{"@type":"EntryPoint","urlTemplate":"https:\/\/enfoquedigital.com.ar\/wp\/?s={search_term_string}"},"query-input":{"@type":"PropertyValueSpecification","valueRequired":true,"valueName":"search_term_string"}}],"inLanguage":"es"},{"@type":"Organization","@id":"https:\/\/enfoquedigital.com.ar\/wp\/#organization","name":"EnfoqueDigital","url":"https:\/\/enfoquedigital.com.ar\/wp\/","logo":{"@type":"ImageObject","inLanguage":"es","@id":"https:\/\/enfoquedigital.com.ar\/wp\/#\/schema\/logo\/image\/","url":"https:\/\/enfoquedigital.com.ar\/wp\/wp-content\/uploads\/2026\/08\/imagespng.png","contentUrl":"https:\/\/enfoquedigital.com.ar\/wp\/wp-content\/uploads\/2026\/08\/imagespng.png","width":791,"height":252,"caption":"EnfoqueDigital"},"image":{"@id":"https:\/\/enfoquedigital.com.ar\/wp\/#\/schema\/logo\/image\/"}},{"@type":"Person","@id":"https:\/\/enfoquedigital.com.ar\/wp\/#\/schema\/person\/ed42bba879df991ed7ac0e1c77c55042","name":"admin","image":{"@type":"ImageObject","inLanguage":"es","@id":"https:\/\/secure.gravatar.com\/avatar\/6bbe2b9340e7aea7346a806e34c746aeddcfcf36e2e162ec8e6b5e74f9d1497b?s=96&d=mm&r=g","url":"https:\/\/secure.gravatar.com\/avatar\/6bbe2b9340e7aea7346a806e34c746aeddcfcf36e2e162ec8e6b5e74f9d1497b?s=96&d=mm&r=g","contentUrl":"https:\/\/secure.gravatar.com\/avatar\/6bbe2b9340e7aea7346a806e34c746aeddcfcf36e2e162ec8e6b5e74f9d1497b?s=96&d=mm&r=g","caption":"admin"},"sameAs":["https:\/\/enfoquedigital.com.ar\/wp"],"url":"https:\/\/enfoquedigital.com.ar\/wp\/?author=1"}]}},"_links":{"self":[{"href":"https:\/\/enfoquedigital.com.ar\/wp\/index.php?rest_route=\/wp\/v2\/posts\/119","targetHints":{"allow":["GET"]}}],"collection":[{"href":"https:\/\/enfoquedigital.com.ar\/wp\/index.php?rest_route=\/wp\/v2\/posts"}],"about":[{"href":"https:\/\/enfoquedigital.com.ar\/wp\/index.php?rest_route=\/wp\/v2\/types\/post"}],"author":[{"embeddable":true,"href":"https:\/\/enfoquedigital.com.ar\/wp\/index.php?rest_route=\/wp\/v2\/users\/1"}],"replies":[{"embeddable":true,"href":"https:\/\/enfoquedigital.com.ar\/wp\/index.php?rest_route=%2Fwp%2Fv2%2Fcomments&post=119"}],"version-history":[{"count":2,"href":"https:\/\/enfoquedigital.com.ar\/wp\/index.php?rest_route=\/wp\/v2\/posts\/119\/revisions"}],"predecessor-version":[{"id":123,"href":"https:\/\/enfoquedigital.com.ar\/wp\/index.php?rest_route=\/wp\/v2\/posts\/119\/revisions\/123"}],"wp:featuredmedia":[{"embeddable":true,"href":"https:\/\/enfoquedigital.com.ar\/wp\/index.php?rest_route=\/wp\/v2\/media\/120"}],"wp:attachment":[{"href":"https:\/\/enfoquedigital.com.ar\/wp\/index.php?rest_route=%2Fwp%2Fv2%2Fmedia&parent=119"}],"wp:term":[{"taxonomy":"category","embeddable":true,"href":"https:\/\/enfoquedigital.com.ar\/wp\/index.php?rest_route=%2Fwp%2Fv2%2Fcategories&post=119"},{"taxonomy":"post_tag","embeddable":true,"href":"https:\/\/enfoquedigital.com.ar\/wp\/index.php?rest_route=%2Fwp%2Fv2%2Ftags&post=119"}],"curies":[{"name":"wp","href":"https:\/\/api.w.org\/{rel}","templated":true}]}}