{"id":114,"date":"2026-09-02T20:48:10","date_gmt":"2026-09-02T23:48:10","guid":{"rendered":"https:\/\/enfoquedigital.com.ar\/wp\/?p=114"},"modified":"2026-09-02T20:57:51","modified_gmt":"2026-09-02T23:57:51","slug":"junto-al-gobierno-provincial-curuzu-fortalece-la-prevencion-ante-el-nino","status":"publish","type":"post","link":"https:\/\/enfoquedigital.com.ar\/wp\/?p=114","title":{"rendered":"JUNTO AL GOBIERNO PROVINCIAL, CURUZ\u00da FORTALECE LA PREVENCI\u00d3N ANTE \u201cEL NI\u00d1O"},"content":{"rendered":"\n<p class=\"wp-block-paragraph\">Con el objetivo de anticiparse a las posibles consecuencias del fen\u00f3meno de \u201cEl Ni\u00f1o\u201d y fortalecer la capacidad de respuesta ante contingencias clim\u00e1ticas, la Municipalidad de Curuz\u00fa Cuati\u00e1 reuni\u00f3 al Comit\u00e9 de Crisis local junto al director de Defensa Civil Provincial, Bruno Lovinson.<\/p>\n\n\n\n<p class=\"wp-block-paragraph\">El encuentro permiti\u00f3 avanzar en la coordinaci\u00f3n entre las distintas instituciones, analizar posibles escenarios y articular recursos y acciones para actuar de manera conjunta ante situaciones que puedan afectar a la ciudad y sus vecinos.<\/p>\n\n\n\n<!--more-->\n\n\n\n<p class=\"wp-block-paragraph\">La reuni\u00f3n estuvo encabezada por la intendente Ver\u00f3nica Esp\u00edndola, acompa\u00f1ada por el viceintendente Miguel G\u00fcenaga; el secretario de Obras y Servicios P\u00fablicos, Adri\u00e1n Frola; el secretario de Producci\u00f3n, Comercio e Industria, Roberto Voutat; y el concejal Nicol\u00e1s \u00c1lvarez, en representaci\u00f3n del Honorable Concejo Deliberante.<\/p>\n\n\n\n<p class=\"wp-block-paragraph\">Tambi\u00e9n participaron representantes de Gendarmer\u00eda Nacional, Polic\u00eda de Corrientes, Aguas de Corrientes, DPEC, Hospital Civil y Bomberos Voluntarios, adem\u00e1s del director de Defensa Civil Provincial, Bruno Lovinson.<\/p>\n\n\n\n<p class=\"wp-block-paragraph\">Todas estas instituciones forman parte del Comit\u00e9 de Crisis local, espacio desde el cual se trabaja de manera articulada para organizar recursos, establecer mecanismos de actuaci\u00f3n y fortalecer la prevenci\u00f3n y respuesta ante emergencias.<\/p>\n\n\n\n<p class=\"wp-block-paragraph\">Desde el Municipio destacaron la importancia de anticiparse y sostener una coordinaci\u00f3n permanente entre las instituciones, con el objetivo de estar preparados y brindar respuestas r\u00e1pidas y organizadas a los vecinos ante cualquier situaci\u00f3n clim\u00e1tica que pudiera presentarse.<\/p>\n\n\n\n<p class=\"wp-block-paragraph\">PRENSA MUNICIPALIDAD DE CURUZ\u00da CUATI\u00c1<\/p>\n\n\n\n<figure class=\"wp-block-gallery has-nested-images columns-default is-cropped wp-block-gallery-1 is-layout-flex wp-block-gallery-is-layout-flex\">\n<figure class=\"wp-block-image size-full\"><img fetchpriority=\"high\" decoding=\"async\" width=\"933\" height=\"552\" data-id=\"115\" src=\"https:\/\/enfoquedigital.com.ar\/wp\/wp-content\/uploads\/2026\/09\/2.jpg\" alt=\"\" class=\"wp-image-115\" srcset=\"https:\/\/enfoquedigital.com.ar\/wp\/wp-content\/uploads\/2026\/09\/2.jpg 933w, https:\/\/enfoquedigital.com.ar\/wp\/wp-content\/uploads\/2026\/09\/2-300x177.jpg 300w, https:\/\/enfoquedigital.com.ar\/wp\/wp-content\/uploads\/2026\/09\/2-767x454.jpg 767w\" sizes=\"(max-width: 933px) 100vw, 933px\" \/><\/figure>\n\n\n\n<figure class=\"wp-block-image size-full\"><img decoding=\"async\" width=\"933\" height=\"503\" data-id=\"116\" src=\"https:\/\/enfoquedigital.com.ar\/wp\/wp-content\/uploads\/2026\/09\/2a.jpg\" alt=\"\" class=\"wp-image-116\" srcset=\"https:\/\/enfoquedigital.com.ar\/wp\/wp-content\/uploads\/2026\/09\/2a.jpg 933w, https:\/\/enfoquedigital.com.ar\/wp\/wp-content\/uploads\/2026\/09\/2a-300x162.jpg 300w, https:\/\/enfoquedigital.com.ar\/wp\/wp-content\/uploads\/2026\/09\/2a-768x414.jpg 768w\" sizes=\"(max-width: 933px) 100vw, 933px\" \/><\/figure>\n\n\n\n<figure class=\"wp-block-image size-full\"><img decoding=\"async\" width=\"933\" height=\"671\" data-id=\"117\" src=\"https:\/\/enfoquedigital.com.ar\/wp\/wp-content\/uploads\/2026\/09\/2b.jpg\" alt=\"\" class=\"wp-image-117\" srcset=\"https:\/\/enfoquedigital.com.ar\/wp\/wp-content\/uploads\/2026\/09\/2b.jpg 933w, https:\/\/enfoquedigital.com.ar\/wp\/wp-content\/uploads\/2026\/09\/2b-300x216.jpg 300w, https:\/\/enfoquedigital.com.ar\/wp\/wp-content\/uploads\/2026\/09\/2b-768x552.jpg 768w\" sizes=\"(max-width: 933px) 100vw, 933px\" \/><\/figure>\n<\/figure>\n","protected":false},"excerpt":{"rendered":"<p>Con el objetivo de anticiparse a las posibles consecuencias del fen\u00f3meno de \u201cEl Ni\u00f1o\u201d y fortalecer la capacidad de respuesta ante contingencias clim\u00e1ticas, la Municipalidad de Curuz\u00fa Cuati\u00e1 reuni\u00f3 al Comit\u00e9 de Crisis local junto al director de Defensa Civil Provincial, Bruno Lovinson. El encuentro permiti\u00f3 avanzar en la coordinaci\u00f3n entre las distintas instituciones, analizar [&hellip;]<\/p>\n","protected":false},"author":1,"featured_media":115,"comment_status":"open","ping_status":"open","sticky":false,"template":"","format":"standard","meta":{"footnotes":""},"categories":[1],"tags":[],"class_list":["post-114","post","type-post","status-publish","format-standard","has-post-thumbnail","hentry","category-uncategorized"],"yoast_head":"<!-- This site is optimized with the Yoast SEO plugin v28.4 - https:\/\/yoast.com\/product\/yoast-seo-wordpress\/ -->\n<title>JUNTO AL GOBIERNO PROVINCIAL, CURUZ\u00da FORTALECE LA PREVENCI\u00d3N ANTE \u201cEL NI\u00d1O - EnfoqueDigital<\/title>\n<meta name=\"robots\" content=\"index, follow, max-snippet:-1, max-image-preview:large, max-video-preview:-1\" \/>\n<link rel=\"canonical\" href=\"https:\/\/enfoquedigital.com.ar\/wp\/?p=114\" \/>\n<meta property=\"og:locale\" content=\"es_ES\" \/>\n<meta property=\"og:type\" content=\"article\" \/>\n<meta property=\"og:title\" content=\"JUNTO AL GOBIERNO PROVINCIAL, CURUZ\u00da FORTALECE LA PREVENCI\u00d3N ANTE \u201cEL NI\u00d1O - EnfoqueDigital\" \/>\n<meta property=\"og:description\" content=\"Con el objetivo de anticiparse a las posibles consecuencias del fen\u00f3meno de \u201cEl Ni\u00f1o\u201d y fortalecer la capacidad de respuesta ante contingencias clim\u00e1ticas, la Municipalidad de Curuz\u00fa Cuati\u00e1 reuni\u00f3 al Comit\u00e9 de Crisis local junto al director de Defensa Civil Provincial, Bruno Lovinson. El encuentro permiti\u00f3 avanzar en la coordinaci\u00f3n entre las distintas instituciones, analizar [&hellip;]\" \/>\n<meta property=\"og:url\" content=\"https:\/\/enfoquedigital.com.ar\/wp\/?p=114\" \/>\n<meta property=\"og:site_name\" content=\"EnfoqueDigital\" \/>\n<meta property=\"article:published_time\" content=\"2026-09-02T23:48:10+00:00\" \/>\n<meta property=\"article:modified_time\" content=\"2026-09-02T23:57:51+00:00\" \/>\n<meta property=\"og:image\" content=\"https:\/\/enfoquedigital.com.ar\/wp\/wp-content\/uploads\/2026\/09\/2.jpg\" \/>\n\t<meta property=\"og:image:width\" content=\"933\" \/>\n\t<meta property=\"og:image:height\" content=\"552\" \/>\n\t<meta property=\"og:image:type\" content=\"image\/jpeg\" \/>\n<meta name=\"author\" content=\"admin\" \/>\n<meta name=\"twitter:card\" content=\"summary_large_image\" \/>\n<meta name=\"twitter:label1\" content=\"Escrito por\" \/>\n\t<meta name=\"twitter:data1\" content=\"admin\" \/>\n\t<meta name=\"twitter:label2\" content=\"Tiempo de lectura\" \/>\n\t<meta name=\"twitter:data2\" content=\"2 minutos\" \/>\n<script type=\"application\/ld+json\" class=\"yoast-schema-graph\">{\"@context\":\"https:\\\/\\\/schema.org\",\"@graph\":[{\"@type\":\"Article\",\"@id\":\"https:\\\/\\\/enfoquedigital.com.ar\\\/wp\\\/?p=114#article\",\"isPartOf\":{\"@id\":\"https:\\\/\\\/enfoquedigital.com.ar\\\/wp\\\/?p=114\"},\"author\":{\"name\":\"admin\",\"@id\":\"https:\\\/\\\/enfoquedigital.com.ar\\\/wp\\\/#\\\/schema\\\/person\\\/ed42bba879df991ed7ac0e1c77c55042\"},\"headline\":\"JUNTO AL GOBIERNO PROVINCIAL, CURUZ\u00da FORTALECE LA PREVENCI\u00d3N ANTE \u201cEL NI\u00d1O\",\"datePublished\":\"2026-09-02T23:48:10+00:00\",\"dateModified\":\"2026-09-02T23:57:51+00:00\",\"mainEntityOfPage\":{\"@id\":\"https:\\\/\\\/enfoquedigital.com.ar\\\/wp\\\/?p=114\"},\"wordCount\":263,\"commentCount\":0,\"publisher\":{\"@id\":\"https:\\\/\\\/enfoquedigital.com.ar\\\/wp\\\/#organization\"},\"image\":{\"@id\":\"https:\\\/\\\/enfoquedigital.com.ar\\\/wp\\\/?p=114#primaryimage\"},\"thumbnailUrl\":\"https:\\\/\\\/enfoquedigital.com.ar\\\/wp\\\/wp-content\\\/uploads\\\/2026\\\/09\\\/2.jpg\",\"articleSection\":[\"Uncategorized\"],\"inLanguage\":\"es\",\"potentialAction\":[{\"@type\":\"CommentAction\",\"name\":\"Comment\",\"target\":[\"https:\\\/\\\/enfoquedigital.com.ar\\\/wp\\\/?p=114#respond\"]}]},{\"@type\":\"WebPage\",\"@id\":\"https:\\\/\\\/enfoquedigital.com.ar\\\/wp\\\/?p=114\",\"url\":\"https:\\\/\\\/enfoquedigital.com.ar\\\/wp\\\/?p=114\",\"name\":\"JUNTO AL GOBIERNO PROVINCIAL, CURUZ\u00da FORTALECE LA PREVENCI\u00d3N ANTE \u201cEL NI\u00d1O - EnfoqueDigital\",\"isPartOf\":{\"@id\":\"https:\\\/\\\/enfoquedigital.com.ar\\\/wp\\\/#website\"},\"primaryImageOfPage\":{\"@id\":\"https:\\\/\\\/enfoquedigital.com.ar\\\/wp\\\/?p=114#primaryimage\"},\"image\":{\"@id\":\"https:\\\/\\\/enfoquedigital.com.ar\\\/wp\\\/?p=114#primaryimage\"},\"thumbnailUrl\":\"https:\\\/\\\/enfoquedigital.com.ar\\\/wp\\\/wp-content\\\/uploads\\\/2026\\\/09\\\/2.jpg\",\"datePublished\":\"2026-09-02T23:48:10+00:00\",\"dateModified\":\"2026-09-02T23:57:51+00:00\",\"breadcrumb\":{\"@id\":\"https:\\\/\\\/enfoquedigital.com.ar\\\/wp\\\/?p=114#breadcrumb\"},\"inLanguage\":\"es\",\"potentialAction\":[{\"@type\":\"ReadAction\",\"target\":[\"https:\\\/\\\/enfoquedigital.com.ar\\\/wp\\\/?p=114\"]}]},{\"@type\":\"ImageObject\",\"inLanguage\":\"es\",\"@id\":\"https:\\\/\\\/enfoquedigital.com.ar\\\/wp\\\/?p=114#primaryimage\",\"url\":\"https:\\\/\\\/enfoquedigital.com.ar\\\/wp\\\/wp-content\\\/uploads\\\/2026\\\/09\\\/2.jpg\",\"contentUrl\":\"https:\\\/\\\/enfoquedigital.com.ar\\\/wp\\\/wp-content\\\/uploads\\\/2026\\\/09\\\/2.jpg\",\"width\":933,\"height\":552},{\"@type\":\"BreadcrumbList\",\"@id\":\"https:\\\/\\\/enfoquedigital.com.ar\\\/wp\\\/?p=114#breadcrumb\",\"itemListElement\":[{\"@type\":\"ListItem\",\"position\":1,\"name\":\"Portada\",\"item\":\"https:\\\/\\\/enfoquedigital.com.ar\\\/wp\"},{\"@type\":\"ListItem\",\"position\":2,\"name\":\"JUNTO AL GOBIERNO PROVINCIAL, CURUZ\u00da FORTALECE LA PREVENCI\u00d3N ANTE \u201cEL NI\u00d1O\"}]},{\"@type\":\"WebSite\",\"@id\":\"https:\\\/\\\/enfoquedigital.com.ar\\\/wp\\\/#website\",\"url\":\"https:\\\/\\\/enfoquedigital.com.ar\\\/wp\\\/\",\"name\":\"EnfoqueDigital\",\"description\":\"Tu Portal De Noticias\",\"publisher\":{\"@id\":\"https:\\\/\\\/enfoquedigital.com.ar\\\/wp\\\/#organization\"},\"potentialAction\":[{\"@type\":\"SearchAction\",\"target\":{\"@type\":\"EntryPoint\",\"urlTemplate\":\"https:\\\/\\\/enfoquedigital.com.ar\\\/wp\\\/?s={search_term_string}\"},\"query-input\":{\"@type\":\"PropertyValueSpecification\",\"valueRequired\":true,\"valueName\":\"search_term_string\"}}],\"inLanguage\":\"es\"},{\"@type\":\"Organization\",\"@id\":\"https:\\\/\\\/enfoquedigital.com.ar\\\/wp\\\/#organization\",\"name\":\"EnfoqueDigital\",\"url\":\"https:\\\/\\\/enfoquedigital.com.ar\\\/wp\\\/\",\"logo\":{\"@type\":\"ImageObject\",\"inLanguage\":\"es\",\"@id\":\"https:\\\/\\\/enfoquedigital.com.ar\\\/wp\\\/#\\\/schema\\\/logo\\\/image\\\/\",\"url\":\"https:\\\/\\\/enfoquedigital.com.ar\\\/wp\\\/wp-content\\\/uploads\\\/2026\\\/08\\\/imagespng.png\",\"contentUrl\":\"https:\\\/\\\/enfoquedigital.com.ar\\\/wp\\\/wp-content\\\/uploads\\\/2026\\\/08\\\/imagespng.png\",\"width\":791,\"height\":252,\"caption\":\"EnfoqueDigital\"},\"image\":{\"@id\":\"https:\\\/\\\/enfoquedigital.com.ar\\\/wp\\\/#\\\/schema\\\/logo\\\/image\\\/\"}},{\"@type\":\"Person\",\"@id\":\"https:\\\/\\\/enfoquedigital.com.ar\\\/wp\\\/#\\\/schema\\\/person\\\/ed42bba879df991ed7ac0e1c77c55042\",\"name\":\"admin\",\"image\":{\"@type\":\"ImageObject\",\"inLanguage\":\"es\",\"@id\":\"https:\\\/\\\/secure.gravatar.com\\\/avatar\\\/6bbe2b9340e7aea7346a806e34c746aeddcfcf36e2e162ec8e6b5e74f9d1497b?s=96&d=mm&r=g\",\"url\":\"https:\\\/\\\/secure.gravatar.com\\\/avatar\\\/6bbe2b9340e7aea7346a806e34c746aeddcfcf36e2e162ec8e6b5e74f9d1497b?s=96&d=mm&r=g\",\"contentUrl\":\"https:\\\/\\\/secure.gravatar.com\\\/avatar\\\/6bbe2b9340e7aea7346a806e34c746aeddcfcf36e2e162ec8e6b5e74f9d1497b?s=96&d=mm&r=g\",\"caption\":\"admin\"},\"sameAs\":[\"https:\\\/\\\/enfoquedigital.com.ar\\\/wp\"],\"url\":\"https:\\\/\\\/enfoquedigital.com.ar\\\/wp\\\/?author=1\"}]}<\/script>\n<!-- \/ Yoast SEO plugin. -->","yoast_head_json":{"title":"JUNTO AL GOBIERNO PROVINCIAL, CURUZ\u00da FORTALECE LA PREVENCI\u00d3N ANTE \u201cEL NI\u00d1O - EnfoqueDigital","robots":{"index":"index","follow":"follow","max-snippet":"max-snippet:-1","max-image-preview":"max-image-preview:large","max-video-preview":"max-video-preview:-1"},"canonical":"https:\/\/enfoquedigital.com.ar\/wp\/?p=114","og_locale":"es_ES","og_type":"article","og_title":"JUNTO AL GOBIERNO PROVINCIAL, CURUZ\u00da FORTALECE LA PREVENCI\u00d3N ANTE \u201cEL NI\u00d1O - EnfoqueDigital","og_description":"Con el objetivo de anticiparse a las posibles consecuencias del fen\u00f3meno de \u201cEl Ni\u00f1o\u201d y fortalecer la capacidad de respuesta ante contingencias clim\u00e1ticas, la Municipalidad de Curuz\u00fa Cuati\u00e1 reuni\u00f3 al Comit\u00e9 de Crisis local junto al director de Defensa Civil Provincial, Bruno Lovinson. El encuentro permiti\u00f3 avanzar en la coordinaci\u00f3n entre las distintas instituciones, analizar [&hellip;]","og_url":"https:\/\/enfoquedigital.com.ar\/wp\/?p=114","og_site_name":"EnfoqueDigital","article_published_time":"2026-09-02T23:48:10+00:00","article_modified_time":"2026-09-02T23:57:51+00:00","og_image":[{"width":933,"height":552,"url":"https:\/\/enfoquedigital.com.ar\/wp\/wp-content\/uploads\/2026\/09\/2.jpg","type":"image\/jpeg"}],"author":"admin","twitter_card":"summary_large_image","twitter_misc":{"Escrito por":"admin","Tiempo de lectura":"2 minutos"},"schema":{"@context":"https:\/\/schema.org","@graph":[{"@type":"Article","@id":"https:\/\/enfoquedigital.com.ar\/wp\/?p=114#article","isPartOf":{"@id":"https:\/\/enfoquedigital.com.ar\/wp\/?p=114"},"author":{"name":"admin","@id":"https:\/\/enfoquedigital.com.ar\/wp\/#\/schema\/person\/ed42bba879df991ed7ac0e1c77c55042"},"headline":"JUNTO AL GOBIERNO PROVINCIAL, CURUZ\u00da FORTALECE LA PREVENCI\u00d3N ANTE \u201cEL NI\u00d1O","datePublished":"2026-09-02T23:48:10+00:00","dateModified":"2026-09-02T23:57:51+00:00","mainEntityOfPage":{"@id":"https:\/\/enfoquedigital.com.ar\/wp\/?p=114"},"wordCount":263,"commentCount":0,"publisher":{"@id":"https:\/\/enfoquedigital.com.ar\/wp\/#organization"},"image":{"@id":"https:\/\/enfoquedigital.com.ar\/wp\/?p=114#primaryimage"},"thumbnailUrl":"https:\/\/enfoquedigital.com.ar\/wp\/wp-content\/uploads\/2026\/09\/2.jpg","articleSection":["Uncategorized"],"inLanguage":"es","potentialAction":[{"@type":"CommentAction","name":"Comment","target":["https:\/\/enfoquedigital.com.ar\/wp\/?p=114#respond"]}]},{"@type":"WebPage","@id":"https:\/\/enfoquedigital.com.ar\/wp\/?p=114","url":"https:\/\/enfoquedigital.com.ar\/wp\/?p=114","name":"JUNTO AL GOBIERNO PROVINCIAL, CURUZ\u00da FORTALECE LA PREVENCI\u00d3N ANTE \u201cEL NI\u00d1O - EnfoqueDigital","isPartOf":{"@id":"https:\/\/enfoquedigital.com.ar\/wp\/#website"},"primaryImageOfPage":{"@id":"https:\/\/enfoquedigital.com.ar\/wp\/?p=114#primaryimage"},"image":{"@id":"https:\/\/enfoquedigital.com.ar\/wp\/?p=114#primaryimage"},"thumbnailUrl":"https:\/\/enfoquedigital.com.ar\/wp\/wp-content\/uploads\/2026\/09\/2.jpg","datePublished":"2026-09-02T23:48:10+00:00","dateModified":"2026-09-02T23:57:51+00:00","breadcrumb":{"@id":"https:\/\/enfoquedigital.com.ar\/wp\/?p=114#breadcrumb"},"inLanguage":"es","potentialAction":[{"@type":"ReadAction","target":["https:\/\/enfoquedigital.com.ar\/wp\/?p=114"]}]},{"@type":"ImageObject","inLanguage":"es","@id":"https:\/\/enfoquedigital.com.ar\/wp\/?p=114#primaryimage","url":"https:\/\/enfoquedigital.com.ar\/wp\/wp-content\/uploads\/2026\/09\/2.jpg","contentUrl":"https:\/\/enfoquedigital.com.ar\/wp\/wp-content\/uploads\/2026\/09\/2.jpg","width":933,"height":552},{"@type":"BreadcrumbList","@id":"https:\/\/enfoquedigital.com.ar\/wp\/?p=114#breadcrumb","itemListElement":[{"@type":"ListItem","position":1,"name":"Portada","item":"https:\/\/enfoquedigital.com.ar\/wp"},{"@type":"ListItem","position":2,"name":"JUNTO AL GOBIERNO PROVINCIAL, CURUZ\u00da FORTALECE LA PREVENCI\u00d3N ANTE \u201cEL NI\u00d1O"}]},{"@type":"WebSite","@id":"https:\/\/enfoquedigital.com.ar\/wp\/#website","url":"https:\/\/enfoquedigital.com.ar\/wp\/","name":"EnfoqueDigital","description":"Tu Portal De Noticias","publisher":{"@id":"https:\/\/enfoquedigital.com.ar\/wp\/#organization"},"potentialAction":[{"@type":"SearchAction","target":{"@type":"EntryPoint","urlTemplate":"https:\/\/enfoquedigital.com.ar\/wp\/?s={search_term_string}"},"query-input":{"@type":"PropertyValueSpecification","valueRequired":true,"valueName":"search_term_string"}}],"inLanguage":"es"},{"@type":"Organization","@id":"https:\/\/enfoquedigital.com.ar\/wp\/#organization","name":"EnfoqueDigital","url":"https:\/\/enfoquedigital.com.ar\/wp\/","logo":{"@type":"ImageObject","inLanguage":"es","@id":"https:\/\/enfoquedigital.com.ar\/wp\/#\/schema\/logo\/image\/","url":"https:\/\/enfoquedigital.com.ar\/wp\/wp-content\/uploads\/2026\/08\/imagespng.png","contentUrl":"https:\/\/enfoquedigital.com.ar\/wp\/wp-content\/uploads\/2026\/08\/imagespng.png","width":791,"height":252,"caption":"EnfoqueDigital"},"image":{"@id":"https:\/\/enfoquedigital.com.ar\/wp\/#\/schema\/logo\/image\/"}},{"@type":"Person","@id":"https:\/\/enfoquedigital.com.ar\/wp\/#\/schema\/person\/ed42bba879df991ed7ac0e1c77c55042","name":"admin","image":{"@type":"ImageObject","inLanguage":"es","@id":"https:\/\/secure.gravatar.com\/avatar\/6bbe2b9340e7aea7346a806e34c746aeddcfcf36e2e162ec8e6b5e74f9d1497b?s=96&d=mm&r=g","url":"https:\/\/secure.gravatar.com\/avatar\/6bbe2b9340e7aea7346a806e34c746aeddcfcf36e2e162ec8e6b5e74f9d1497b?s=96&d=mm&r=g","contentUrl":"https:\/\/secure.gravatar.com\/avatar\/6bbe2b9340e7aea7346a806e34c746aeddcfcf36e2e162ec8e6b5e74f9d1497b?s=96&d=mm&r=g","caption":"admin"},"sameAs":["https:\/\/enfoquedigital.com.ar\/wp"],"url":"https:\/\/enfoquedigital.com.ar\/wp\/?author=1"}]}},"_links":{"self":[{"href":"https:\/\/enfoquedigital.com.ar\/wp\/index.php?rest_route=\/wp\/v2\/posts\/114","targetHints":{"allow":["GET"]}}],"collection":[{"href":"https:\/\/enfoquedigital.com.ar\/wp\/index.php?rest_route=\/wp\/v2\/posts"}],"about":[{"href":"https:\/\/enfoquedigital.com.ar\/wp\/index.php?rest_route=\/wp\/v2\/types\/post"}],"author":[{"embeddable":true,"href":"https:\/\/enfoquedigital.com.ar\/wp\/index.php?rest_route=\/wp\/v2\/users\/1"}],"replies":[{"embeddable":true,"href":"https:\/\/enfoquedigital.com.ar\/wp\/index.php?rest_route=%2Fwp%2Fv2%2Fcomments&post=114"}],"version-history":[{"count":1,"href":"https:\/\/enfoquedigital.com.ar\/wp\/index.php?rest_route=\/wp\/v2\/posts\/114\/revisions"}],"predecessor-version":[{"id":118,"href":"https:\/\/enfoquedigital.com.ar\/wp\/index.php?rest_route=\/wp\/v2\/posts\/114\/revisions\/118"}],"wp:featuredmedia":[{"embeddable":true,"href":"https:\/\/enfoquedigital.com.ar\/wp\/index.php?rest_route=\/wp\/v2\/media\/115"}],"wp:attachment":[{"href":"https:\/\/enfoquedigital.com.ar\/wp\/index.php?rest_route=%2Fwp%2Fv2%2Fmedia&parent=114"}],"wp:term":[{"taxonomy":"category","embeddable":true,"href":"https:\/\/enfoquedigital.com.ar\/wp\/index.php?rest_route=%2Fwp%2Fv2%2Fcategories&post=114"},{"taxonomy":"post_tag","embeddable":true,"href":"https:\/\/enfoquedigital.com.ar\/wp\/index.php?rest_route=%2Fwp%2Fv2%2Ftags&post=114"}],"curies":[{"name":"wp","href":"https:\/\/api.w.org\/{rel}","templated":true}]}}