{"id":108,"date":"2026-09-02T20:45:45","date_gmt":"2026-09-02T23:45:45","guid":{"rendered":"https:\/\/enfoquedigital.com.ar\/wp\/?p=108"},"modified":"2026-09-02T20:45:51","modified_gmt":"2026-09-02T23:45:51","slug":"amplio-temario-en-una-nueva-sesion-del-honorable-concejo-deliberante-curuzucuateno","status":"publish","type":"post","link":"https:\/\/enfoquedigital.com.ar\/wp\/?p=108","title":{"rendered":"AMPLIO TEMARIO EN UNA NUEVA SESI\u00d3N DEL HONORABLE CONCEJO DELIBERANTE CURUZUCUATE\u00d1O"},"content":{"rendered":"\n<p class=\"wp-block-paragraph\">Presidido por la Dra. Marisa Acu\u00f1a, el pasado mi\u00e9rcoles 26 en horas del mediod\u00eda se llev\u00f3 a cabo una nueva Sesi\u00f3n Ordinaria del Honorable Concejo Deliberante de Curuz\u00fa Cuati\u00e1.<\/p>\n\n\n\n<p class=\"wp-block-paragraph\">Como estaba previsto por convocatoria, se realiz\u00f3 primeramente la Audiencia P\u00fablica del Proyecto de Ordenanza para Designar con el nombre de Barrio Victoria al sector de la ciudad de Curuz\u00fa Cuati\u00e1, comprendido dentro de los nuevos l\u00edmites; al Norte, v\u00edas del Ferrocarril, al Sur, calle M\u00fasico Pablo Ben\u00edtez, al este, Ex Ruta Nacional N\u00ba 14, y al Oeste calle Ordenanza Vicente Ledesma.<\/p>\n\n\n\n<p class=\"wp-block-paragraph\">Luego el proyecto fue tratado en la Sesi\u00f3n Ordinaria, donde se solicita un cuarto intermedio para efectuar una correcci\u00f3n sobre uno de los l\u00edmites estipulados. Al concluir se procede a votaci\u00f3n, quedando aprobado el proyecto en Segunda Lectura por unanimidad de los presentes.<\/p>\n\n\n\n<!--more-->\n\n\n\n<p class=\"wp-block-paragraph\">LOS OTROS TEMAS<\/p>\n\n\n\n<p class=\"wp-block-paragraph\">\u2022Convocar a concurso p\u00fablico para cubrir el cargo de Juez Municipal de Faltas.<\/p>\n\n\n\n<p class=\"wp-block-paragraph\">El Concejal Dr. Pedro Gonz\u00e1lez es elegido, por unanimidad, para cumplir con la funci\u00f3n de representar a este Cuerpo en la Comisi\u00f3n Especial.<\/p>\n\n\n\n<p class=\"wp-block-paragraph\">Se decide enviar nota al Departamento Ejecutivo, Colegio de Abogados, Colegio de Escribanos y Consejo de Ciencias Econ\u00f3micas, delegaci\u00f3n local; para que designen un representante que conformar\u00e1 la Comisi\u00f3n Especial que ser\u00e1 la encargada de la evaluaci\u00f3n t\u00e9cnica. (Carta Org\u00e1nica art.84). Aprobado por unanimidad de los presentes. Es Resoluci\u00f3n.<\/p>\n\n\n\n<p class=\"wp-block-paragraph\">\u2022Solicitar informe al \u00e1rea de salud sobre incidencias del recorte del Plan Nacional REMEDIAR. Aprobado con 10 votos positivos y 1 voto negativo. Es Resoluci\u00f3n.<\/p>\n\n\n\n<p class=\"wp-block-paragraph\">\u2022Solicitar, a trav\u00e9s del Departamento Ejecutivo, informe al Instituto Nacional de Servicios Sociales para Jubilados y Pensionados y responsables de PAMI departamento Curuz\u00fa Cuati\u00e1, sobre la actual situaci\u00f3n de la Obra Social.<\/p>\n\n\n\n<p class=\"wp-block-paragraph\">Ante la respuesta insuficiente por parte de la autoridad de PAMI delegaci\u00f3n Curuz\u00fa; se solicita a presidencia del Concejo Deliberante, remita nota formal a una jerarqu\u00eda mayor de la instituci\u00f3n, solicitando la informaci\u00f3n requerida. Aprobado con 10 votos positivos y un voto negativo. Es Resoluci\u00f3n.<\/p>\n\n\n\n<p class=\"wp-block-paragraph\">ALGUNOS PROYECTOS INGRESADOS<\/p>\n\n\n\n<p class=\"wp-block-paragraph\">\u2022Crear programa Municipal de Jornadas Barriales para la Reparaci\u00f3n y puesta en valor de plazas y espacios verdes. Pasa a Comisi\u00f3n de Gobierno.<\/p>\n\n\n\n<p class=\"wp-block-paragraph\">\u2022Solicitar al DEM la limpieza y erradicaci\u00f3n de basurales, zanjeos y el acondicionamiento de pasajes internos del Barrio Etcheto. Pasa a Comisi\u00f3n de Medio Ambiente.<\/p>\n\n\n\n<p class=\"wp-block-paragraph\">\u2022Solicitar a la Direcci\u00f3n de Vialidad Provincial que informe el estado de Convenios con los Consorcios Camineros de Curuz\u00fa Cuati\u00e1. Pasa a Comisi\u00f3n de Gobierno.<\/p>\n\n\n\n<p class=\"wp-block-paragraph\">\u2022Declarar de Inter\u00e9s Municipal la Fiesta Patronal en honor a Santa Rosa de Lima, a realizarse en Barrio Santa Rosa de nuestra ciudad, el pr\u00f3ximo 30de agosto. Tratamiento Sobre Tabla. Aprobado por unanimidad. Es Declaraci\u00f3n.<\/p>\n","protected":false},"excerpt":{"rendered":"<p>Presidido por la Dra. Marisa Acu\u00f1a, el pasado mi\u00e9rcoles 26 en horas del mediod\u00eda se llev\u00f3 a cabo una nueva Sesi\u00f3n Ordinaria del Honorable Concejo Deliberante de Curuz\u00fa Cuati\u00e1. Como estaba previsto por convocatoria, se realiz\u00f3 primeramente la Audiencia P\u00fablica del Proyecto de Ordenanza para Designar con el nombre de Barrio Victoria al sector de [&hellip;]<\/p>\n","protected":false},"author":1,"featured_media":109,"comment_status":"open","ping_status":"open","sticky":false,"template":"","format":"standard","meta":{"footnotes":""},"categories":[6],"tags":[27,28],"class_list":["post-108","post","type-post","status-publish","format-standard","has-post-thumbnail","hentry","category-locales","tag-hcd","tag-sesion"],"yoast_head":"<!-- This site is optimized with the Yoast SEO plugin v28.4 - https:\/\/yoast.com\/product\/yoast-seo-wordpress\/ -->\n<title>AMPLIO TEMARIO EN UNA NUEVA SESI\u00d3N DEL HONORABLE CONCEJO DELIBERANTE CURUZUCUATE\u00d1O - EnfoqueDigital<\/title>\n<meta name=\"robots\" content=\"index, follow, max-snippet:-1, max-image-preview:large, max-video-preview:-1\" \/>\n<link rel=\"canonical\" href=\"https:\/\/enfoquedigital.com.ar\/wp\/?p=108\" \/>\n<meta property=\"og:locale\" content=\"es_ES\" \/>\n<meta property=\"og:type\" content=\"article\" \/>\n<meta property=\"og:title\" content=\"AMPLIO TEMARIO EN UNA NUEVA SESI\u00d3N DEL HONORABLE CONCEJO DELIBERANTE CURUZUCUATE\u00d1O - EnfoqueDigital\" \/>\n<meta property=\"og:description\" content=\"Presidido por la Dra. Marisa Acu\u00f1a, el pasado mi\u00e9rcoles 26 en horas del mediod\u00eda se llev\u00f3 a cabo una nueva Sesi\u00f3n Ordinaria del Honorable Concejo Deliberante de Curuz\u00fa Cuati\u00e1. Como estaba previsto por convocatoria, se realiz\u00f3 primeramente la Audiencia P\u00fablica del Proyecto de Ordenanza para Designar con el nombre de Barrio Victoria al sector de [&hellip;]\" \/>\n<meta property=\"og:url\" content=\"https:\/\/enfoquedigital.com.ar\/wp\/?p=108\" \/>\n<meta property=\"og:site_name\" content=\"EnfoqueDigital\" \/>\n<meta property=\"article:published_time\" content=\"2026-09-02T23:45:45+00:00\" \/>\n<meta property=\"article:modified_time\" content=\"2026-09-02T23:45:51+00:00\" \/>\n<meta property=\"og:image\" content=\"https:\/\/enfoquedigital.com.ar\/wp\/wp-content\/uploads\/2026\/09\/4.jpg\" \/>\n\t<meta property=\"og:image:width\" content=\"808\" \/>\n\t<meta property=\"og:image:height\" content=\"540\" \/>\n\t<meta property=\"og:image:type\" content=\"image\/jpeg\" \/>\n<meta name=\"author\" content=\"admin\" \/>\n<meta name=\"twitter:card\" content=\"summary_large_image\" \/>\n<meta name=\"twitter:label1\" content=\"Escrito por\" \/>\n\t<meta name=\"twitter:data1\" content=\"admin\" \/>\n\t<meta name=\"twitter:label2\" content=\"Tiempo de lectura\" \/>\n\t<meta name=\"twitter:data2\" content=\"3 minutos\" \/>\n<script type=\"application\/ld+json\" class=\"yoast-schema-graph\">{\"@context\":\"https:\\\/\\\/schema.org\",\"@graph\":[{\"@type\":\"Article\",\"@id\":\"https:\\\/\\\/enfoquedigital.com.ar\\\/wp\\\/?p=108#article\",\"isPartOf\":{\"@id\":\"https:\\\/\\\/enfoquedigital.com.ar\\\/wp\\\/?p=108\"},\"author\":{\"name\":\"admin\",\"@id\":\"https:\\\/\\\/enfoquedigital.com.ar\\\/wp\\\/#\\\/schema\\\/person\\\/ed42bba879df991ed7ac0e1c77c55042\"},\"headline\":\"AMPLIO TEMARIO EN UNA NUEVA SESI\u00d3N DEL HONORABLE CONCEJO DELIBERANTE CURUZUCUATE\u00d1O\",\"datePublished\":\"2026-09-02T23:45:45+00:00\",\"dateModified\":\"2026-09-02T23:45:51+00:00\",\"mainEntityOfPage\":{\"@id\":\"https:\\\/\\\/enfoquedigital.com.ar\\\/wp\\\/?p=108\"},\"wordCount\":484,\"commentCount\":0,\"publisher\":{\"@id\":\"https:\\\/\\\/enfoquedigital.com.ar\\\/wp\\\/#organization\"},\"image\":{\"@id\":\"https:\\\/\\\/enfoquedigital.com.ar\\\/wp\\\/?p=108#primaryimage\"},\"thumbnailUrl\":\"https:\\\/\\\/enfoquedigital.com.ar\\\/wp\\\/wp-content\\\/uploads\\\/2026\\\/09\\\/4.jpg\",\"keywords\":[\"hcd\",\"sesi\u00f3n\"],\"articleSection\":[\"Locales\"],\"inLanguage\":\"es\",\"potentialAction\":[{\"@type\":\"CommentAction\",\"name\":\"Comment\",\"target\":[\"https:\\\/\\\/enfoquedigital.com.ar\\\/wp\\\/?p=108#respond\"]}]},{\"@type\":\"WebPage\",\"@id\":\"https:\\\/\\\/enfoquedigital.com.ar\\\/wp\\\/?p=108\",\"url\":\"https:\\\/\\\/enfoquedigital.com.ar\\\/wp\\\/?p=108\",\"name\":\"AMPLIO TEMARIO EN UNA NUEVA SESI\u00d3N DEL HONORABLE CONCEJO DELIBERANTE CURUZUCUATE\u00d1O - EnfoqueDigital\",\"isPartOf\":{\"@id\":\"https:\\\/\\\/enfoquedigital.com.ar\\\/wp\\\/#website\"},\"primaryImageOfPage\":{\"@id\":\"https:\\\/\\\/enfoquedigital.com.ar\\\/wp\\\/?p=108#primaryimage\"},\"image\":{\"@id\":\"https:\\\/\\\/enfoquedigital.com.ar\\\/wp\\\/?p=108#primaryimage\"},\"thumbnailUrl\":\"https:\\\/\\\/enfoquedigital.com.ar\\\/wp\\\/wp-content\\\/uploads\\\/2026\\\/09\\\/4.jpg\",\"datePublished\":\"2026-09-02T23:45:45+00:00\",\"dateModified\":\"2026-09-02T23:45:51+00:00\",\"breadcrumb\":{\"@id\":\"https:\\\/\\\/enfoquedigital.com.ar\\\/wp\\\/?p=108#breadcrumb\"},\"inLanguage\":\"es\",\"potentialAction\":[{\"@type\":\"ReadAction\",\"target\":[\"https:\\\/\\\/enfoquedigital.com.ar\\\/wp\\\/?p=108\"]}]},{\"@type\":\"ImageObject\",\"inLanguage\":\"es\",\"@id\":\"https:\\\/\\\/enfoquedigital.com.ar\\\/wp\\\/?p=108#primaryimage\",\"url\":\"https:\\\/\\\/enfoquedigital.com.ar\\\/wp\\\/wp-content\\\/uploads\\\/2026\\\/09\\\/4.jpg\",\"contentUrl\":\"https:\\\/\\\/enfoquedigital.com.ar\\\/wp\\\/wp-content\\\/uploads\\\/2026\\\/09\\\/4.jpg\",\"width\":808,\"height\":540},{\"@type\":\"BreadcrumbList\",\"@id\":\"https:\\\/\\\/enfoquedigital.com.ar\\\/wp\\\/?p=108#breadcrumb\",\"itemListElement\":[{\"@type\":\"ListItem\",\"position\":1,\"name\":\"Portada\",\"item\":\"https:\\\/\\\/enfoquedigital.com.ar\\\/wp\"},{\"@type\":\"ListItem\",\"position\":2,\"name\":\"AMPLIO TEMARIO EN UNA NUEVA SESI\u00d3N DEL HONORABLE CONCEJO DELIBERANTE CURUZUCUATE\u00d1O\"}]},{\"@type\":\"WebSite\",\"@id\":\"https:\\\/\\\/enfoquedigital.com.ar\\\/wp\\\/#website\",\"url\":\"https:\\\/\\\/enfoquedigital.com.ar\\\/wp\\\/\",\"name\":\"EnfoqueDigital\",\"description\":\"Tu Portal De Noticias\",\"publisher\":{\"@id\":\"https:\\\/\\\/enfoquedigital.com.ar\\\/wp\\\/#organization\"},\"potentialAction\":[{\"@type\":\"SearchAction\",\"target\":{\"@type\":\"EntryPoint\",\"urlTemplate\":\"https:\\\/\\\/enfoquedigital.com.ar\\\/wp\\\/?s={search_term_string}\"},\"query-input\":{\"@type\":\"PropertyValueSpecification\",\"valueRequired\":true,\"valueName\":\"search_term_string\"}}],\"inLanguage\":\"es\"},{\"@type\":\"Organization\",\"@id\":\"https:\\\/\\\/enfoquedigital.com.ar\\\/wp\\\/#organization\",\"name\":\"EnfoqueDigital\",\"url\":\"https:\\\/\\\/enfoquedigital.com.ar\\\/wp\\\/\",\"logo\":{\"@type\":\"ImageObject\",\"inLanguage\":\"es\",\"@id\":\"https:\\\/\\\/enfoquedigital.com.ar\\\/wp\\\/#\\\/schema\\\/logo\\\/image\\\/\",\"url\":\"https:\\\/\\\/enfoquedigital.com.ar\\\/wp\\\/wp-content\\\/uploads\\\/2026\\\/08\\\/imagespng.png\",\"contentUrl\":\"https:\\\/\\\/enfoquedigital.com.ar\\\/wp\\\/wp-content\\\/uploads\\\/2026\\\/08\\\/imagespng.png\",\"width\":791,\"height\":252,\"caption\":\"EnfoqueDigital\"},\"image\":{\"@id\":\"https:\\\/\\\/enfoquedigital.com.ar\\\/wp\\\/#\\\/schema\\\/logo\\\/image\\\/\"}},{\"@type\":\"Person\",\"@id\":\"https:\\\/\\\/enfoquedigital.com.ar\\\/wp\\\/#\\\/schema\\\/person\\\/ed42bba879df991ed7ac0e1c77c55042\",\"name\":\"admin\",\"image\":{\"@type\":\"ImageObject\",\"inLanguage\":\"es\",\"@id\":\"https:\\\/\\\/secure.gravatar.com\\\/avatar\\\/6bbe2b9340e7aea7346a806e34c746aeddcfcf36e2e162ec8e6b5e74f9d1497b?s=96&d=mm&r=g\",\"url\":\"https:\\\/\\\/secure.gravatar.com\\\/avatar\\\/6bbe2b9340e7aea7346a806e34c746aeddcfcf36e2e162ec8e6b5e74f9d1497b?s=96&d=mm&r=g\",\"contentUrl\":\"https:\\\/\\\/secure.gravatar.com\\\/avatar\\\/6bbe2b9340e7aea7346a806e34c746aeddcfcf36e2e162ec8e6b5e74f9d1497b?s=96&d=mm&r=g\",\"caption\":\"admin\"},\"sameAs\":[\"https:\\\/\\\/enfoquedigital.com.ar\\\/wp\"],\"url\":\"https:\\\/\\\/enfoquedigital.com.ar\\\/wp\\\/?author=1\"}]}<\/script>\n<!-- \/ Yoast SEO plugin. -->","yoast_head_json":{"title":"AMPLIO TEMARIO EN UNA NUEVA SESI\u00d3N DEL HONORABLE CONCEJO DELIBERANTE CURUZUCUATE\u00d1O - EnfoqueDigital","robots":{"index":"index","follow":"follow","max-snippet":"max-snippet:-1","max-image-preview":"max-image-preview:large","max-video-preview":"max-video-preview:-1"},"canonical":"https:\/\/enfoquedigital.com.ar\/wp\/?p=108","og_locale":"es_ES","og_type":"article","og_title":"AMPLIO TEMARIO EN UNA NUEVA SESI\u00d3N DEL HONORABLE CONCEJO DELIBERANTE CURUZUCUATE\u00d1O - EnfoqueDigital","og_description":"Presidido por la Dra. Marisa Acu\u00f1a, el pasado mi\u00e9rcoles 26 en horas del mediod\u00eda se llev\u00f3 a cabo una nueva Sesi\u00f3n Ordinaria del Honorable Concejo Deliberante de Curuz\u00fa Cuati\u00e1. Como estaba previsto por convocatoria, se realiz\u00f3 primeramente la Audiencia P\u00fablica del Proyecto de Ordenanza para Designar con el nombre de Barrio Victoria al sector de [&hellip;]","og_url":"https:\/\/enfoquedigital.com.ar\/wp\/?p=108","og_site_name":"EnfoqueDigital","article_published_time":"2026-09-02T23:45:45+00:00","article_modified_time":"2026-09-02T23:45:51+00:00","og_image":[{"width":808,"height":540,"url":"https:\/\/enfoquedigital.com.ar\/wp\/wp-content\/uploads\/2026\/09\/4.jpg","type":"image\/jpeg"}],"author":"admin","twitter_card":"summary_large_image","twitter_misc":{"Escrito por":"admin","Tiempo de lectura":"3 minutos"},"schema":{"@context":"https:\/\/schema.org","@graph":[{"@type":"Article","@id":"https:\/\/enfoquedigital.com.ar\/wp\/?p=108#article","isPartOf":{"@id":"https:\/\/enfoquedigital.com.ar\/wp\/?p=108"},"author":{"name":"admin","@id":"https:\/\/enfoquedigital.com.ar\/wp\/#\/schema\/person\/ed42bba879df991ed7ac0e1c77c55042"},"headline":"AMPLIO TEMARIO EN UNA NUEVA SESI\u00d3N DEL HONORABLE CONCEJO DELIBERANTE CURUZUCUATE\u00d1O","datePublished":"2026-09-02T23:45:45+00:00","dateModified":"2026-09-02T23:45:51+00:00","mainEntityOfPage":{"@id":"https:\/\/enfoquedigital.com.ar\/wp\/?p=108"},"wordCount":484,"commentCount":0,"publisher":{"@id":"https:\/\/enfoquedigital.com.ar\/wp\/#organization"},"image":{"@id":"https:\/\/enfoquedigital.com.ar\/wp\/?p=108#primaryimage"},"thumbnailUrl":"https:\/\/enfoquedigital.com.ar\/wp\/wp-content\/uploads\/2026\/09\/4.jpg","keywords":["hcd","sesi\u00f3n"],"articleSection":["Locales"],"inLanguage":"es","potentialAction":[{"@type":"CommentAction","name":"Comment","target":["https:\/\/enfoquedigital.com.ar\/wp\/?p=108#respond"]}]},{"@type":"WebPage","@id":"https:\/\/enfoquedigital.com.ar\/wp\/?p=108","url":"https:\/\/enfoquedigital.com.ar\/wp\/?p=108","name":"AMPLIO TEMARIO EN UNA NUEVA SESI\u00d3N DEL HONORABLE CONCEJO DELIBERANTE CURUZUCUATE\u00d1O - EnfoqueDigital","isPartOf":{"@id":"https:\/\/enfoquedigital.com.ar\/wp\/#website"},"primaryImageOfPage":{"@id":"https:\/\/enfoquedigital.com.ar\/wp\/?p=108#primaryimage"},"image":{"@id":"https:\/\/enfoquedigital.com.ar\/wp\/?p=108#primaryimage"},"thumbnailUrl":"https:\/\/enfoquedigital.com.ar\/wp\/wp-content\/uploads\/2026\/09\/4.jpg","datePublished":"2026-09-02T23:45:45+00:00","dateModified":"2026-09-02T23:45:51+00:00","breadcrumb":{"@id":"https:\/\/enfoquedigital.com.ar\/wp\/?p=108#breadcrumb"},"inLanguage":"es","potentialAction":[{"@type":"ReadAction","target":["https:\/\/enfoquedigital.com.ar\/wp\/?p=108"]}]},{"@type":"ImageObject","inLanguage":"es","@id":"https:\/\/enfoquedigital.com.ar\/wp\/?p=108#primaryimage","url":"https:\/\/enfoquedigital.com.ar\/wp\/wp-content\/uploads\/2026\/09\/4.jpg","contentUrl":"https:\/\/enfoquedigital.com.ar\/wp\/wp-content\/uploads\/2026\/09\/4.jpg","width":808,"height":540},{"@type":"BreadcrumbList","@id":"https:\/\/enfoquedigital.com.ar\/wp\/?p=108#breadcrumb","itemListElement":[{"@type":"ListItem","position":1,"name":"Portada","item":"https:\/\/enfoquedigital.com.ar\/wp"},{"@type":"ListItem","position":2,"name":"AMPLIO TEMARIO EN UNA NUEVA SESI\u00d3N DEL HONORABLE CONCEJO DELIBERANTE CURUZUCUATE\u00d1O"}]},{"@type":"WebSite","@id":"https:\/\/enfoquedigital.com.ar\/wp\/#website","url":"https:\/\/enfoquedigital.com.ar\/wp\/","name":"EnfoqueDigital","description":"Tu Portal De Noticias","publisher":{"@id":"https:\/\/enfoquedigital.com.ar\/wp\/#organization"},"potentialAction":[{"@type":"SearchAction","target":{"@type":"EntryPoint","urlTemplate":"https:\/\/enfoquedigital.com.ar\/wp\/?s={search_term_string}"},"query-input":{"@type":"PropertyValueSpecification","valueRequired":true,"valueName":"search_term_string"}}],"inLanguage":"es"},{"@type":"Organization","@id":"https:\/\/enfoquedigital.com.ar\/wp\/#organization","name":"EnfoqueDigital","url":"https:\/\/enfoquedigital.com.ar\/wp\/","logo":{"@type":"ImageObject","inLanguage":"es","@id":"https:\/\/enfoquedigital.com.ar\/wp\/#\/schema\/logo\/image\/","url":"https:\/\/enfoquedigital.com.ar\/wp\/wp-content\/uploads\/2026\/08\/imagespng.png","contentUrl":"https:\/\/enfoquedigital.com.ar\/wp\/wp-content\/uploads\/2026\/08\/imagespng.png","width":791,"height":252,"caption":"EnfoqueDigital"},"image":{"@id":"https:\/\/enfoquedigital.com.ar\/wp\/#\/schema\/logo\/image\/"}},{"@type":"Person","@id":"https:\/\/enfoquedigital.com.ar\/wp\/#\/schema\/person\/ed42bba879df991ed7ac0e1c77c55042","name":"admin","image":{"@type":"ImageObject","inLanguage":"es","@id":"https:\/\/secure.gravatar.com\/avatar\/6bbe2b9340e7aea7346a806e34c746aeddcfcf36e2e162ec8e6b5e74f9d1497b?s=96&d=mm&r=g","url":"https:\/\/secure.gravatar.com\/avatar\/6bbe2b9340e7aea7346a806e34c746aeddcfcf36e2e162ec8e6b5e74f9d1497b?s=96&d=mm&r=g","contentUrl":"https:\/\/secure.gravatar.com\/avatar\/6bbe2b9340e7aea7346a806e34c746aeddcfcf36e2e162ec8e6b5e74f9d1497b?s=96&d=mm&r=g","caption":"admin"},"sameAs":["https:\/\/enfoquedigital.com.ar\/wp"],"url":"https:\/\/enfoquedigital.com.ar\/wp\/?author=1"}]}},"_links":{"self":[{"href":"https:\/\/enfoquedigital.com.ar\/wp\/index.php?rest_route=\/wp\/v2\/posts\/108","targetHints":{"allow":["GET"]}}],"collection":[{"href":"https:\/\/enfoquedigital.com.ar\/wp\/index.php?rest_route=\/wp\/v2\/posts"}],"about":[{"href":"https:\/\/enfoquedigital.com.ar\/wp\/index.php?rest_route=\/wp\/v2\/types\/post"}],"author":[{"embeddable":true,"href":"https:\/\/enfoquedigital.com.ar\/wp\/index.php?rest_route=\/wp\/v2\/users\/1"}],"replies":[{"embeddable":true,"href":"https:\/\/enfoquedigital.com.ar\/wp\/index.php?rest_route=%2Fwp%2Fv2%2Fcomments&post=108"}],"version-history":[{"count":1,"href":"https:\/\/enfoquedigital.com.ar\/wp\/index.php?rest_route=\/wp\/v2\/posts\/108\/revisions"}],"predecessor-version":[{"id":110,"href":"https:\/\/enfoquedigital.com.ar\/wp\/index.php?rest_route=\/wp\/v2\/posts\/108\/revisions\/110"}],"wp:featuredmedia":[{"embeddable":true,"href":"https:\/\/enfoquedigital.com.ar\/wp\/index.php?rest_route=\/wp\/v2\/media\/109"}],"wp:attachment":[{"href":"https:\/\/enfoquedigital.com.ar\/wp\/index.php?rest_route=%2Fwp%2Fv2%2Fmedia&parent=108"}],"wp:term":[{"taxonomy":"category","embeddable":true,"href":"https:\/\/enfoquedigital.com.ar\/wp\/index.php?rest_route=%2Fwp%2Fv2%2Fcategories&post=108"},{"taxonomy":"post_tag","embeddable":true,"href":"https:\/\/enfoquedigital.com.ar\/wp\/index.php?rest_route=%2Fwp%2Fv2%2Ftags&post=108"}],"curies":[{"name":"wp","href":"https:\/\/api.w.org\/{rel}","templated":true}]}}