{"id":102,"date":"2026-09-02T20:42:11","date_gmt":"2026-09-02T23:42:11","guid":{"rendered":"https:\/\/enfoquedigital.com.ar\/wp\/?p=102"},"modified":"2026-09-02T20:42:11","modified_gmt":"2026-09-02T23:42:11","slug":"cazadores-correntinos-respuesta-ante-la-emergencia","status":"publish","type":"post","link":"https:\/\/enfoquedigital.com.ar\/wp\/?p=102","title":{"rendered":"CAZADORES CORRENTINOS &#8211; RESPUESTA ANTE LA EMERGENCIA"},"content":{"rendered":"\n<p class=\"wp-block-paragraph\">El intendente de Cazadores Correntinos Dante Romero encabez\u00f3 una reuni\u00f3n interinstitucional en la Municipalidad cazadore\u00f1a. Participaron el Jefe del Cuerpo Activo de Bomberos Voluntarios de Curuz\u00fa Cuati\u00e1 Oficial Inspector Gustavo Claus, el Oficial Maidana de la Comisaria Distrito Cazadores Correntinos, representantes de los sectores de la educaci\u00f3n y de la salud; miembros del poder legislativo y el asesor legal municipal.<\/p>\n\n\n\n<!--more-->\n\n\n\n<p class=\"wp-block-paragraph\">Durante el encuentro se trabaj\u00f3 sobre la activaci\u00f3n de protocolos de emergencia y la conformaci\u00f3n de un Comit\u00e9 de Crisis, buscando establecer mecanismos de coordinaci\u00f3n y respuesta ante distintas situaciones que puedan afectar a nuestra comunidad.<\/p>\n\n\n\n<p class=\"wp-block-paragraph\">Uno de los principales ejes fue la preparaci\u00f3n ante el posible desarrollo del fen\u00f3meno de El Ni\u00f1o, teniendo en cuenta la posibilidad de per\u00edodos de lluvias intensas y la necesidad de contar con una respuesta organizada y r\u00e1pida.<\/p>\n\n\n\n<p class=\"wp-block-paragraph\">Desde el Municipio se\u00f1alaron que contin\u00faan trabajando junto a las distintas instituciones para anticiparnos a los escenarios que puedan presentarse, fortalecer la prevenci\u00f3n y cuidar a todos los vecinos.<\/p>\n","protected":false},"excerpt":{"rendered":"<p>El intendente de Cazadores Correntinos Dante Romero encabez\u00f3 una reuni\u00f3n interinstitucional en la Municipalidad cazadore\u00f1a. Participaron el Jefe del Cuerpo Activo de Bomberos Voluntarios de Curuz\u00fa Cuati\u00e1 Oficial Inspector Gustavo Claus, el Oficial Maidana de la Comisaria Distrito Cazadores Correntinos, representantes de los sectores de la educaci\u00f3n y de la salud; miembros del poder legislativo [&hellip;]<\/p>\n","protected":false},"author":1,"featured_media":103,"comment_status":"open","ping_status":"open","sticky":false,"template":"","format":"standard","meta":{"footnotes":""},"categories":[3],"tags":[26],"class_list":["post-102","post","type-post","status-publish","format-standard","has-post-thumbnail","hentry","category-noticias","tag-cazadores"],"yoast_head":"<!-- This site is optimized with the Yoast SEO plugin v28.4 - https:\/\/yoast.com\/product\/yoast-seo-wordpress\/ -->\n<title>CAZADORES CORRENTINOS - RESPUESTA ANTE LA EMERGENCIA - EnfoqueDigital<\/title>\n<meta name=\"robots\" content=\"index, follow, max-snippet:-1, max-image-preview:large, max-video-preview:-1\" \/>\n<link rel=\"canonical\" href=\"https:\/\/enfoquedigital.com.ar\/wp\/?p=102\" \/>\n<meta property=\"og:locale\" content=\"es_ES\" \/>\n<meta property=\"og:type\" content=\"article\" \/>\n<meta property=\"og:title\" content=\"CAZADORES CORRENTINOS - RESPUESTA ANTE LA EMERGENCIA - EnfoqueDigital\" \/>\n<meta property=\"og:description\" content=\"El intendente de Cazadores Correntinos Dante Romero encabez\u00f3 una reuni\u00f3n interinstitucional en la Municipalidad cazadore\u00f1a. Participaron el Jefe del Cuerpo Activo de Bomberos Voluntarios de Curuz\u00fa Cuati\u00e1 Oficial Inspector Gustavo Claus, el Oficial Maidana de la Comisaria Distrito Cazadores Correntinos, representantes de los sectores de la educaci\u00f3n y de la salud; miembros del poder legislativo [&hellip;]\" \/>\n<meta property=\"og:url\" content=\"https:\/\/enfoquedigital.com.ar\/wp\/?p=102\" \/>\n<meta property=\"og:site_name\" content=\"EnfoqueDigital\" \/>\n<meta property=\"article:published_time\" content=\"2026-09-02T23:42:11+00:00\" \/>\n<meta property=\"og:image\" content=\"https:\/\/enfoquedigital.com.ar\/wp\/wp-content\/uploads\/2026\/09\/6.jpg\" \/>\n\t<meta property=\"og:image:width\" content=\"590\" \/>\n\t<meta property=\"og:image:height\" content=\"443\" \/>\n\t<meta property=\"og:image:type\" content=\"image\/jpeg\" \/>\n<meta name=\"author\" content=\"admin\" \/>\n<meta name=\"twitter:card\" content=\"summary_large_image\" \/>\n<meta name=\"twitter:label1\" content=\"Escrito por\" \/>\n\t<meta name=\"twitter:data1\" content=\"admin\" \/>\n\t<meta name=\"twitter:label2\" content=\"Tiempo de lectura\" \/>\n\t<meta name=\"twitter:data2\" content=\"1 minuto\" \/>\n<script type=\"application\/ld+json\" class=\"yoast-schema-graph\">{\"@context\":\"https:\\\/\\\/schema.org\",\"@graph\":[{\"@type\":\"Article\",\"@id\":\"https:\\\/\\\/enfoquedigital.com.ar\\\/wp\\\/?p=102#article\",\"isPartOf\":{\"@id\":\"https:\\\/\\\/enfoquedigital.com.ar\\\/wp\\\/?p=102\"},\"author\":{\"name\":\"admin\",\"@id\":\"https:\\\/\\\/enfoquedigital.com.ar\\\/wp\\\/#\\\/schema\\\/person\\\/ed42bba879df991ed7ac0e1c77c55042\"},\"headline\":\"CAZADORES CORRENTINOS &#8211; RESPUESTA ANTE LA EMERGENCIA\",\"datePublished\":\"2026-09-02T23:42:11+00:00\",\"mainEntityOfPage\":{\"@id\":\"https:\\\/\\\/enfoquedigital.com.ar\\\/wp\\\/?p=102\"},\"wordCount\":184,\"commentCount\":0,\"publisher\":{\"@id\":\"https:\\\/\\\/enfoquedigital.com.ar\\\/wp\\\/#organization\"},\"image\":{\"@id\":\"https:\\\/\\\/enfoquedigital.com.ar\\\/wp\\\/?p=102#primaryimage\"},\"thumbnailUrl\":\"https:\\\/\\\/enfoquedigital.com.ar\\\/wp\\\/wp-content\\\/uploads\\\/2026\\\/09\\\/6.jpg\",\"keywords\":[\"cazadores\"],\"articleSection\":[\"Noticias\"],\"inLanguage\":\"es\",\"potentialAction\":[{\"@type\":\"CommentAction\",\"name\":\"Comment\",\"target\":[\"https:\\\/\\\/enfoquedigital.com.ar\\\/wp\\\/?p=102#respond\"]}]},{\"@type\":\"WebPage\",\"@id\":\"https:\\\/\\\/enfoquedigital.com.ar\\\/wp\\\/?p=102\",\"url\":\"https:\\\/\\\/enfoquedigital.com.ar\\\/wp\\\/?p=102\",\"name\":\"CAZADORES CORRENTINOS - RESPUESTA ANTE LA EMERGENCIA - EnfoqueDigital\",\"isPartOf\":{\"@id\":\"https:\\\/\\\/enfoquedigital.com.ar\\\/wp\\\/#website\"},\"primaryImageOfPage\":{\"@id\":\"https:\\\/\\\/enfoquedigital.com.ar\\\/wp\\\/?p=102#primaryimage\"},\"image\":{\"@id\":\"https:\\\/\\\/enfoquedigital.com.ar\\\/wp\\\/?p=102#primaryimage\"},\"thumbnailUrl\":\"https:\\\/\\\/enfoquedigital.com.ar\\\/wp\\\/wp-content\\\/uploads\\\/2026\\\/09\\\/6.jpg\",\"datePublished\":\"2026-09-02T23:42:11+00:00\",\"breadcrumb\":{\"@id\":\"https:\\\/\\\/enfoquedigital.com.ar\\\/wp\\\/?p=102#breadcrumb\"},\"inLanguage\":\"es\",\"potentialAction\":[{\"@type\":\"ReadAction\",\"target\":[\"https:\\\/\\\/enfoquedigital.com.ar\\\/wp\\\/?p=102\"]}]},{\"@type\":\"ImageObject\",\"inLanguage\":\"es\",\"@id\":\"https:\\\/\\\/enfoquedigital.com.ar\\\/wp\\\/?p=102#primaryimage\",\"url\":\"https:\\\/\\\/enfoquedigital.com.ar\\\/wp\\\/wp-content\\\/uploads\\\/2026\\\/09\\\/6.jpg\",\"contentUrl\":\"https:\\\/\\\/enfoquedigital.com.ar\\\/wp\\\/wp-content\\\/uploads\\\/2026\\\/09\\\/6.jpg\",\"width\":590,\"height\":443},{\"@type\":\"BreadcrumbList\",\"@id\":\"https:\\\/\\\/enfoquedigital.com.ar\\\/wp\\\/?p=102#breadcrumb\",\"itemListElement\":[{\"@type\":\"ListItem\",\"position\":1,\"name\":\"Portada\",\"item\":\"https:\\\/\\\/enfoquedigital.com.ar\\\/wp\"},{\"@type\":\"ListItem\",\"position\":2,\"name\":\"CAZADORES CORRENTINOS &#8211; RESPUESTA ANTE LA EMERGENCIA\"}]},{\"@type\":\"WebSite\",\"@id\":\"https:\\\/\\\/enfoquedigital.com.ar\\\/wp\\\/#website\",\"url\":\"https:\\\/\\\/enfoquedigital.com.ar\\\/wp\\\/\",\"name\":\"EnfoqueDigital\",\"description\":\"Tu Portal De Noticias\",\"publisher\":{\"@id\":\"https:\\\/\\\/enfoquedigital.com.ar\\\/wp\\\/#organization\"},\"potentialAction\":[{\"@type\":\"SearchAction\",\"target\":{\"@type\":\"EntryPoint\",\"urlTemplate\":\"https:\\\/\\\/enfoquedigital.com.ar\\\/wp\\\/?s={search_term_string}\"},\"query-input\":{\"@type\":\"PropertyValueSpecification\",\"valueRequired\":true,\"valueName\":\"search_term_string\"}}],\"inLanguage\":\"es\"},{\"@type\":\"Organization\",\"@id\":\"https:\\\/\\\/enfoquedigital.com.ar\\\/wp\\\/#organization\",\"name\":\"EnfoqueDigital\",\"url\":\"https:\\\/\\\/enfoquedigital.com.ar\\\/wp\\\/\",\"logo\":{\"@type\":\"ImageObject\",\"inLanguage\":\"es\",\"@id\":\"https:\\\/\\\/enfoquedigital.com.ar\\\/wp\\\/#\\\/schema\\\/logo\\\/image\\\/\",\"url\":\"https:\\\/\\\/enfoquedigital.com.ar\\\/wp\\\/wp-content\\\/uploads\\\/2026\\\/08\\\/imagespng.png\",\"contentUrl\":\"https:\\\/\\\/enfoquedigital.com.ar\\\/wp\\\/wp-content\\\/uploads\\\/2026\\\/08\\\/imagespng.png\",\"width\":791,\"height\":252,\"caption\":\"EnfoqueDigital\"},\"image\":{\"@id\":\"https:\\\/\\\/enfoquedigital.com.ar\\\/wp\\\/#\\\/schema\\\/logo\\\/image\\\/\"}},{\"@type\":\"Person\",\"@id\":\"https:\\\/\\\/enfoquedigital.com.ar\\\/wp\\\/#\\\/schema\\\/person\\\/ed42bba879df991ed7ac0e1c77c55042\",\"name\":\"admin\",\"image\":{\"@type\":\"ImageObject\",\"inLanguage\":\"es\",\"@id\":\"https:\\\/\\\/secure.gravatar.com\\\/avatar\\\/6bbe2b9340e7aea7346a806e34c746aeddcfcf36e2e162ec8e6b5e74f9d1497b?s=96&d=mm&r=g\",\"url\":\"https:\\\/\\\/secure.gravatar.com\\\/avatar\\\/6bbe2b9340e7aea7346a806e34c746aeddcfcf36e2e162ec8e6b5e74f9d1497b?s=96&d=mm&r=g\",\"contentUrl\":\"https:\\\/\\\/secure.gravatar.com\\\/avatar\\\/6bbe2b9340e7aea7346a806e34c746aeddcfcf36e2e162ec8e6b5e74f9d1497b?s=96&d=mm&r=g\",\"caption\":\"admin\"},\"sameAs\":[\"https:\\\/\\\/enfoquedigital.com.ar\\\/wp\"],\"url\":\"https:\\\/\\\/enfoquedigital.com.ar\\\/wp\\\/?author=1\"}]}<\/script>\n<!-- \/ Yoast SEO plugin. -->","yoast_head_json":{"title":"CAZADORES CORRENTINOS - RESPUESTA ANTE LA EMERGENCIA - EnfoqueDigital","robots":{"index":"index","follow":"follow","max-snippet":"max-snippet:-1","max-image-preview":"max-image-preview:large","max-video-preview":"max-video-preview:-1"},"canonical":"https:\/\/enfoquedigital.com.ar\/wp\/?p=102","og_locale":"es_ES","og_type":"article","og_title":"CAZADORES CORRENTINOS - RESPUESTA ANTE LA EMERGENCIA - EnfoqueDigital","og_description":"El intendente de Cazadores Correntinos Dante Romero encabez\u00f3 una reuni\u00f3n interinstitucional en la Municipalidad cazadore\u00f1a. Participaron el Jefe del Cuerpo Activo de Bomberos Voluntarios de Curuz\u00fa Cuati\u00e1 Oficial Inspector Gustavo Claus, el Oficial Maidana de la Comisaria Distrito Cazadores Correntinos, representantes de los sectores de la educaci\u00f3n y de la salud; miembros del poder legislativo [&hellip;]","og_url":"https:\/\/enfoquedigital.com.ar\/wp\/?p=102","og_site_name":"EnfoqueDigital","article_published_time":"2026-09-02T23:42:11+00:00","og_image":[{"width":590,"height":443,"url":"https:\/\/enfoquedigital.com.ar\/wp\/wp-content\/uploads\/2026\/09\/6.jpg","type":"image\/jpeg"}],"author":"admin","twitter_card":"summary_large_image","twitter_misc":{"Escrito por":"admin","Tiempo de lectura":"1 minuto"},"schema":{"@context":"https:\/\/schema.org","@graph":[{"@type":"Article","@id":"https:\/\/enfoquedigital.com.ar\/wp\/?p=102#article","isPartOf":{"@id":"https:\/\/enfoquedigital.com.ar\/wp\/?p=102"},"author":{"name":"admin","@id":"https:\/\/enfoquedigital.com.ar\/wp\/#\/schema\/person\/ed42bba879df991ed7ac0e1c77c55042"},"headline":"CAZADORES CORRENTINOS &#8211; RESPUESTA ANTE LA EMERGENCIA","datePublished":"2026-09-02T23:42:11+00:00","mainEntityOfPage":{"@id":"https:\/\/enfoquedigital.com.ar\/wp\/?p=102"},"wordCount":184,"commentCount":0,"publisher":{"@id":"https:\/\/enfoquedigital.com.ar\/wp\/#organization"},"image":{"@id":"https:\/\/enfoquedigital.com.ar\/wp\/?p=102#primaryimage"},"thumbnailUrl":"https:\/\/enfoquedigital.com.ar\/wp\/wp-content\/uploads\/2026\/09\/6.jpg","keywords":["cazadores"],"articleSection":["Noticias"],"inLanguage":"es","potentialAction":[{"@type":"CommentAction","name":"Comment","target":["https:\/\/enfoquedigital.com.ar\/wp\/?p=102#respond"]}]},{"@type":"WebPage","@id":"https:\/\/enfoquedigital.com.ar\/wp\/?p=102","url":"https:\/\/enfoquedigital.com.ar\/wp\/?p=102","name":"CAZADORES CORRENTINOS - RESPUESTA ANTE LA EMERGENCIA - EnfoqueDigital","isPartOf":{"@id":"https:\/\/enfoquedigital.com.ar\/wp\/#website"},"primaryImageOfPage":{"@id":"https:\/\/enfoquedigital.com.ar\/wp\/?p=102#primaryimage"},"image":{"@id":"https:\/\/enfoquedigital.com.ar\/wp\/?p=102#primaryimage"},"thumbnailUrl":"https:\/\/enfoquedigital.com.ar\/wp\/wp-content\/uploads\/2026\/09\/6.jpg","datePublished":"2026-09-02T23:42:11+00:00","breadcrumb":{"@id":"https:\/\/enfoquedigital.com.ar\/wp\/?p=102#breadcrumb"},"inLanguage":"es","potentialAction":[{"@type":"ReadAction","target":["https:\/\/enfoquedigital.com.ar\/wp\/?p=102"]}]},{"@type":"ImageObject","inLanguage":"es","@id":"https:\/\/enfoquedigital.com.ar\/wp\/?p=102#primaryimage","url":"https:\/\/enfoquedigital.com.ar\/wp\/wp-content\/uploads\/2026\/09\/6.jpg","contentUrl":"https:\/\/enfoquedigital.com.ar\/wp\/wp-content\/uploads\/2026\/09\/6.jpg","width":590,"height":443},{"@type":"BreadcrumbList","@id":"https:\/\/enfoquedigital.com.ar\/wp\/?p=102#breadcrumb","itemListElement":[{"@type":"ListItem","position":1,"name":"Portada","item":"https:\/\/enfoquedigital.com.ar\/wp"},{"@type":"ListItem","position":2,"name":"CAZADORES CORRENTINOS &#8211; RESPUESTA ANTE LA EMERGENCIA"}]},{"@type":"WebSite","@id":"https:\/\/enfoquedigital.com.ar\/wp\/#website","url":"https:\/\/enfoquedigital.com.ar\/wp\/","name":"EnfoqueDigital","description":"Tu Portal De Noticias","publisher":{"@id":"https:\/\/enfoquedigital.com.ar\/wp\/#organization"},"potentialAction":[{"@type":"SearchAction","target":{"@type":"EntryPoint","urlTemplate":"https:\/\/enfoquedigital.com.ar\/wp\/?s={search_term_string}"},"query-input":{"@type":"PropertyValueSpecification","valueRequired":true,"valueName":"search_term_string"}}],"inLanguage":"es"},{"@type":"Organization","@id":"https:\/\/enfoquedigital.com.ar\/wp\/#organization","name":"EnfoqueDigital","url":"https:\/\/enfoquedigital.com.ar\/wp\/","logo":{"@type":"ImageObject","inLanguage":"es","@id":"https:\/\/enfoquedigital.com.ar\/wp\/#\/schema\/logo\/image\/","url":"https:\/\/enfoquedigital.com.ar\/wp\/wp-content\/uploads\/2026\/08\/imagespng.png","contentUrl":"https:\/\/enfoquedigital.com.ar\/wp\/wp-content\/uploads\/2026\/08\/imagespng.png","width":791,"height":252,"caption":"EnfoqueDigital"},"image":{"@id":"https:\/\/enfoquedigital.com.ar\/wp\/#\/schema\/logo\/image\/"}},{"@type":"Person","@id":"https:\/\/enfoquedigital.com.ar\/wp\/#\/schema\/person\/ed42bba879df991ed7ac0e1c77c55042","name":"admin","image":{"@type":"ImageObject","inLanguage":"es","@id":"https:\/\/secure.gravatar.com\/avatar\/6bbe2b9340e7aea7346a806e34c746aeddcfcf36e2e162ec8e6b5e74f9d1497b?s=96&d=mm&r=g","url":"https:\/\/secure.gravatar.com\/avatar\/6bbe2b9340e7aea7346a806e34c746aeddcfcf36e2e162ec8e6b5e74f9d1497b?s=96&d=mm&r=g","contentUrl":"https:\/\/secure.gravatar.com\/avatar\/6bbe2b9340e7aea7346a806e34c746aeddcfcf36e2e162ec8e6b5e74f9d1497b?s=96&d=mm&r=g","caption":"admin"},"sameAs":["https:\/\/enfoquedigital.com.ar\/wp"],"url":"https:\/\/enfoquedigital.com.ar\/wp\/?author=1"}]}},"_links":{"self":[{"href":"https:\/\/enfoquedigital.com.ar\/wp\/index.php?rest_route=\/wp\/v2\/posts\/102","targetHints":{"allow":["GET"]}}],"collection":[{"href":"https:\/\/enfoquedigital.com.ar\/wp\/index.php?rest_route=\/wp\/v2\/posts"}],"about":[{"href":"https:\/\/enfoquedigital.com.ar\/wp\/index.php?rest_route=\/wp\/v2\/types\/post"}],"author":[{"embeddable":true,"href":"https:\/\/enfoquedigital.com.ar\/wp\/index.php?rest_route=\/wp\/v2\/users\/1"}],"replies":[{"embeddable":true,"href":"https:\/\/enfoquedigital.com.ar\/wp\/index.php?rest_route=%2Fwp%2Fv2%2Fcomments&post=102"}],"version-history":[{"count":1,"href":"https:\/\/enfoquedigital.com.ar\/wp\/index.php?rest_route=\/wp\/v2\/posts\/102\/revisions"}],"predecessor-version":[{"id":104,"href":"https:\/\/enfoquedigital.com.ar\/wp\/index.php?rest_route=\/wp\/v2\/posts\/102\/revisions\/104"}],"wp:featuredmedia":[{"embeddable":true,"href":"https:\/\/enfoquedigital.com.ar\/wp\/index.php?rest_route=\/wp\/v2\/media\/103"}],"wp:attachment":[{"href":"https:\/\/enfoquedigital.com.ar\/wp\/index.php?rest_route=%2Fwp%2Fv2%2Fmedia&parent=102"}],"wp:term":[{"taxonomy":"category","embeddable":true,"href":"https:\/\/enfoquedigital.com.ar\/wp\/index.php?rest_route=%2Fwp%2Fv2%2Fcategories&post=102"},{"taxonomy":"post_tag","embeddable":true,"href":"https:\/\/enfoquedigital.com.ar\/wp\/index.php?rest_route=%2Fwp%2Fv2%2Ftags&post=102"}],"curies":[{"name":"wp","href":"https:\/\/api.w.org\/{rel}","templated":true}]}}